{"id":3282,"date":"2025-12-26T17:33:57","date_gmt":"2025-12-26T17:33:57","guid":{"rendered":"https:\/\/laestaciononline.com.ar\/?p=3282"},"modified":"2025-12-26T17:34:50","modified_gmt":"2025-12-26T17:34:50","slug":"efectivo-de-bomberos-abatio-a-dos-presuntos-asaltantes-que-lo-quisieron-robar-en-quilmes","status":"publish","type":"post","link":"https:\/\/laestaciononline.com.ar\/?p=3282","title":{"rendered":"Efectivo de Bomberos abati\u00f3 a dos presuntos asaltantes que lo quisieron robar en Quilmes"},"content":{"rendered":"\n<h3 class=\"wp-block-heading\"><\/h3>\n\n\n\n<p>Un agente de <strong>la Polic\u00eda de la Ciudad que cumple funciones en el \u00e1rea de Bomberos<\/strong> termin\u00f3 con la vida de dos presuntos delincuentes luego de un enfrentamiento ocurrido este <strong>mi\u00e9rcoles al mediod\u00eda en Quilmes Oeste<\/strong>, zona sur del conurbano bonaerense. <\/p>\n\n\n\n<p>El hecho se produjo alrededor de las <strong>11:40 en la avenida General Acha al 1800<\/strong>, en el barrio Parque Calchaqu\u00ed, cuando el oficial, que estaba de franco y vestido de civil, se dispon\u00eda a subir a su auto <strong>Peugeot 207<\/strong> frente a su domicilio. En ese momento, una motocicleta con un hombre y una mujer se acerc\u00f3 al veh\u00edculo con la intenci\u00f3n de <strong>sustraerle el auto mediante amenaza con arma de fuego<\/strong>, seg\u00fan la reconstrucci\u00f3n oficial. <\/p>\n\n\n\n<p>Ante esa situaci\u00f3n, el bombero se identific\u00f3, orden\u00f3 que depusieran la actitud y sac\u00f3 su arma reglamentaria. Tras un intercambio de disparos en la v\u00eda p\u00fablica, <strong>la mujer falleci\u00f3 en el lugar<\/strong>, mientras que su acompa\u00f1ante logr\u00f3 escapar corriendo, pero fue encontrado poco despu\u00e9s por personal policial <strong>desplomado y sin vida<\/strong> a pocas cuadras del sitio del enfrentamiento. <\/p>\n\n\n\n<p>La investigaci\u00f3n qued\u00f3 bajo la \u00f3rbita de la <strong>Comisar\u00eda 9\u00aa de Quilmes<\/strong>, con la colaboraci\u00f3n de otras dependencias y la <strong>intervenci\u00f3n del fiscal Javier Barrera<\/strong>, quien encabez\u00f3 las diligencias en el lugar y orden\u00f3 el secuestro del arma y la motocicleta vinculadas al hecho, mientras se contin\u00faa con las pericias para determinar las circunstancias del suceso<\/p>\n","protected":false},"excerpt":{"rendered":"<p>Un agente de la Polic\u00eda de la Ciudad que cumple funciones en el \u00e1rea de Bomberos termin\u00f3 con la vida de dos presuntos delincuentes luego de un enfrentamiento ocurrido este mi\u00e9rcoles al mediod\u00eda en Quilmes Oeste, zona sur del conurbano bonaerense. El hecho se produjo alrededor de las 11:40 en la avenida General Acha al [&hellip;]<\/p>\n","protected":false},"author":1,"featured_media":3284,"comment_status":"open","ping_status":"open","sticky":false,"template":"","format":"standard","meta":{"footnotes":""},"categories":[1],"tags":[],"class_list":["post-3282","post","type-post","status-publish","format-standard","has-post-thumbnail","hentry","category-politica"],"_links":{"self":[{"href":"https:\/\/laestaciononline.com.ar\/index.php?rest_route=\/wp\/v2\/posts\/3282","targetHints":{"allow":["GET"]}}],"collection":[{"href":"https:\/\/laestaciononline.com.ar\/index.php?rest_route=\/wp\/v2\/posts"}],"about":[{"href":"https:\/\/laestaciononline.com.ar\/index.php?rest_route=\/wp\/v2\/types\/post"}],"author":[{"embeddable":true,"href":"https:\/\/laestaciononline.com.ar\/index.php?rest_route=\/wp\/v2\/users\/1"}],"replies":[{"embeddable":true,"href":"https:\/\/laestaciononline.com.ar\/index.php?rest_route=%2Fwp%2Fv2%2Fcomments&post=3282"}],"version-history":[{"count":1,"href":"https:\/\/laestaciononline.com.ar\/index.php?rest_route=\/wp\/v2\/posts\/3282\/revisions"}],"predecessor-version":[{"id":3283,"href":"https:\/\/laestaciononline.com.ar\/index.php?rest_route=\/wp\/v2\/posts\/3282\/revisions\/3283"}],"wp:featuredmedia":[{"embeddable":true,"href":"https:\/\/laestaciononline.com.ar\/index.php?rest_route=\/wp\/v2\/media\/3284"}],"wp:attachment":[{"href":"https:\/\/laestaciononline.com.ar\/index.php?rest_route=%2Fwp%2Fv2%2Fmedia&parent=3282"}],"wp:term":[{"taxonomy":"category","embeddable":true,"href":"https:\/\/laestaciononline.com.ar\/index.php?rest_route=%2Fwp%2Fv2%2Fcategories&post=3282"},{"taxonomy":"post_tag","embeddable":true,"href":"https:\/\/laestaciononline.com.ar\/index.php?rest_route=%2Fwp%2Fv2%2Ftags&post=3282"}],"curies":[{"name":"wp","href":"https:\/\/api.w.org\/{rel}","templated":true}]}}