{"id":3414,"date":"2026-01-14T12:57:30","date_gmt":"2026-01-14T12:57:30","guid":{"rendered":"https:\/\/laestaciononline.com.ar\/?p=3414"},"modified":"2026-01-14T12:57:59","modified_gmt":"2026-01-14T12:57:59","slug":"detenido-en-vicente-lopez-tras-robar-la-cadena-de-un-jubilado-y-tratar-de-cambiar-su-ropa-para-pasar-desapercibido","status":"publish","type":"post","link":"https:\/\/laestaciononline.com.ar\/?p=3414","title":{"rendered":"Detenido en Vicente L\u00f3pez tras robar la cadena de un jubilado y tratar de cambiar su ropa para pasar desapercibido"},"content":{"rendered":"\n<h3 class=\"wp-block-heading\"><\/h3>\n\n\n\n<p>Un hombre de 33 a\u00f1os que hab\u00eda arrebatado una cadena de oro a un jubilado en Vicente L\u00f3pez fue capturado por la Polic\u00eda luego de un intento fallido de pasar desapercibido.<\/p>\n\n\n\n<p>El episodio de inseguridad ocurri\u00f3 cuando el ladr\u00f3n, tras dejar subir primero al hombre mayor a un colectivo, aprovech\u00f3 la situaci\u00f3n para arrancarle la joya.<\/p>\n\n\n\n<p>Tras el robo, el agresor escap\u00f3 a pie entre los gritos de los pasajeros, pero en su intento de despistar a la Polic\u00eda se detuvo un momento para cambiarse la remera: se quit\u00f3 la blanca que llevaba puesta al momento del hecho y se puso una roja.<\/p>\n\n\n\n<p>Sin embargo, las c\u00e1maras de seguridad que lo siguieron en tiempo real y la descripci\u00f3n detallada de la v\u00edctima permitieron a una patrulla municipal ubicarlo y detenerlo poco despu\u00e9s, en la intersecci\u00f3n de Avenida Maip\u00fa y Santa Rosa. Fue trasladado a la Comisar\u00eda de Florida y qued\u00f3 a disposici\u00f3n de la justicia.<\/p>\n","protected":false},"excerpt":{"rendered":"<p>Un hombre de 33 a\u00f1os que hab\u00eda arrebatado una cadena de oro a un jubilado en Vicente L\u00f3pez fue capturado por la Polic\u00eda luego de un intento fallido de pasar desapercibido. El episodio de inseguridad ocurri\u00f3 cuando el ladr\u00f3n, tras dejar subir primero al hombre mayor a un colectivo, aprovech\u00f3 la situaci\u00f3n para arrancarle la [&hellip;]<\/p>\n","protected":false},"author":1,"featured_media":3416,"comment_status":"open","ping_status":"open","sticky":false,"template":"","format":"standard","meta":{"footnotes":""},"categories":[1],"tags":[],"class_list":["post-3414","post","type-post","status-publish","format-standard","has-post-thumbnail","hentry","category-politica"],"_links":{"self":[{"href":"https:\/\/laestaciononline.com.ar\/index.php?rest_route=\/wp\/v2\/posts\/3414","targetHints":{"allow":["GET"]}}],"collection":[{"href":"https:\/\/laestaciononline.com.ar\/index.php?rest_route=\/wp\/v2\/posts"}],"about":[{"href":"https:\/\/laestaciononline.com.ar\/index.php?rest_route=\/wp\/v2\/types\/post"}],"author":[{"embeddable":true,"href":"https:\/\/laestaciononline.com.ar\/index.php?rest_route=\/wp\/v2\/users\/1"}],"replies":[{"embeddable":true,"href":"https:\/\/laestaciononline.com.ar\/index.php?rest_route=%2Fwp%2Fv2%2Fcomments&post=3414"}],"version-history":[{"count":1,"href":"https:\/\/laestaciononline.com.ar\/index.php?rest_route=\/wp\/v2\/posts\/3414\/revisions"}],"predecessor-version":[{"id":3415,"href":"https:\/\/laestaciononline.com.ar\/index.php?rest_route=\/wp\/v2\/posts\/3414\/revisions\/3415"}],"wp:featuredmedia":[{"embeddable":true,"href":"https:\/\/laestaciononline.com.ar\/index.php?rest_route=\/wp\/v2\/media\/3416"}],"wp:attachment":[{"href":"https:\/\/laestaciononline.com.ar\/index.php?rest_route=%2Fwp%2Fv2%2Fmedia&parent=3414"}],"wp:term":[{"taxonomy":"category","embeddable":true,"href":"https:\/\/laestaciononline.com.ar\/index.php?rest_route=%2Fwp%2Fv2%2Fcategories&post=3414"},{"taxonomy":"post_tag","embeddable":true,"href":"https:\/\/laestaciononline.com.ar\/index.php?rest_route=%2Fwp%2Fv2%2Ftags&post=3414"}],"curies":[{"name":"wp","href":"https:\/\/api.w.org\/{rel}","templated":true}]}}