{"id":3449,"date":"2026-01-19T13:05:13","date_gmt":"2026-01-19T13:05:13","guid":{"rendered":"https:\/\/laestaciononline.com.ar\/?p=3449"},"modified":"2026-01-19T13:10:02","modified_gmt":"2026-01-19T13:10:02","slug":"violento-robo-expres-en-bernal-un-grupo-de-jovenes-se-alzo-con-un-auto-frente-a-una-familia","status":"publish","type":"post","link":"https:\/\/laestaciononline.com.ar\/?p=3449","title":{"rendered":"Violento robo expr\u00e9s en Bernal: un grupo de j\u00f3venes se alz\u00f3 con un auto frente a una familia"},"content":{"rendered":"\n<p><\/p>\n\n\n\n<p><br>Un nuevo hecho de inseguridad alter\u00f3 la tranquilidad en Bernal, cuando un conjunto de adolescentes abord\u00f3 a una familia en plena calle y les sustrajo un autom\u00f3vil, seg\u00fan datos preliminares de la investigaci\u00f3n.<\/p>\n\n\n\n<p>El incidente se produjo durante el d\u00eda, cerca de la intersecci\u00f3n de las calles Don Bosco y Chacabuco, mientras las v\u00edctimas estaban fuera de su casa. De repente, varios j\u00f3venes se acercaron de forma intimidante y, bajo amenazas, obligaron a los presentes a entregarles el veh\u00edculo y guardaron algunos objetos personales de una mujer que estaba all\u00ed.<\/p>\n\n\n\n<p>Tras el robo, el grupo escap\u00f3 r\u00e1pidamente por calles internas del barrio, complicando as\u00ed el accionar policial. Inmediatamente se activ\u00f3 un operativo con patrulleros y se inici\u00f3 una b\u00fasqueda del auto robado por parte de la <strong>Comisar\u00eda 2\u00aa de Bernal<\/strong>.<\/p>\n\n\n\n<p>Adem\u00e1s, fuerzas de seguridad comenzaron a revisar las grabaciones de c\u00e1maras p\u00fablicas y privadas de la zona para reconstruir la ruta de fuga y tratar de identificar a los sospechosos.<\/p>\n\n\n\n<p>Hasta el momento no hay detenidos, aunque la polic\u00eda mantiene la investigaci\u00f3n en curso mientras los vecinos manifiestan su inquietud por la violencia del hecho y piden mayor presencia policial.<\/p>\n","protected":false},"excerpt":{"rendered":"<p>Un nuevo hecho de inseguridad alter\u00f3 la tranquilidad en Bernal, cuando un conjunto de adolescentes abord\u00f3 a una familia en plena calle y les sustrajo un autom\u00f3vil, seg\u00fan datos preliminares de la investigaci\u00f3n. El incidente se produjo durante el d\u00eda, cerca de la intersecci\u00f3n de las calles Don Bosco y Chacabuco, mientras las v\u00edctimas estaban [&hellip;]<\/p>\n","protected":false},"author":1,"featured_media":3451,"comment_status":"open","ping_status":"open","sticky":false,"template":"","format":"standard","meta":{"footnotes":""},"categories":[1],"tags":[],"class_list":["post-3449","post","type-post","status-publish","format-standard","has-post-thumbnail","hentry","category-politica"],"_links":{"self":[{"href":"https:\/\/laestaciononline.com.ar\/index.php?rest_route=\/wp\/v2\/posts\/3449","targetHints":{"allow":["GET"]}}],"collection":[{"href":"https:\/\/laestaciononline.com.ar\/index.php?rest_route=\/wp\/v2\/posts"}],"about":[{"href":"https:\/\/laestaciononline.com.ar\/index.php?rest_route=\/wp\/v2\/types\/post"}],"author":[{"embeddable":true,"href":"https:\/\/laestaciononline.com.ar\/index.php?rest_route=\/wp\/v2\/users\/1"}],"replies":[{"embeddable":true,"href":"https:\/\/laestaciononline.com.ar\/index.php?rest_route=%2Fwp%2Fv2%2Fcomments&post=3449"}],"version-history":[{"count":1,"href":"https:\/\/laestaciononline.com.ar\/index.php?rest_route=\/wp\/v2\/posts\/3449\/revisions"}],"predecessor-version":[{"id":3450,"href":"https:\/\/laestaciononline.com.ar\/index.php?rest_route=\/wp\/v2\/posts\/3449\/revisions\/3450"}],"wp:featuredmedia":[{"embeddable":true,"href":"https:\/\/laestaciononline.com.ar\/index.php?rest_route=\/wp\/v2\/media\/3451"}],"wp:attachment":[{"href":"https:\/\/laestaciononline.com.ar\/index.php?rest_route=%2Fwp%2Fv2%2Fmedia&parent=3449"}],"wp:term":[{"taxonomy":"category","embeddable":true,"href":"https:\/\/laestaciononline.com.ar\/index.php?rest_route=%2Fwp%2Fv2%2Fcategories&post=3449"},{"taxonomy":"post_tag","embeddable":true,"href":"https:\/\/laestaciononline.com.ar\/index.php?rest_route=%2Fwp%2Fv2%2Ftags&post=3449"}],"curies":[{"name":"wp","href":"https:\/\/api.w.org\/{rel}","templated":true}]}}