{"id":3524,"date":"2026-01-27T13:43:08","date_gmt":"2026-01-27T13:43:08","guid":{"rendered":"https:\/\/laestaciononline.com.ar\/?p=3524"},"modified":"2026-01-27T13:44:33","modified_gmt":"2026-01-27T13:44:33","slug":"milei-oficializa-el-envio-al-congreso-de-un-proyecto-para-reducir-la-edad-de-imputabilidad","status":"publish","type":"post","link":"https:\/\/laestaciononline.com.ar\/?p=3524","title":{"rendered":"Milei oficializa el env\u00edo al Congreso de un proyecto para reducir la edad de imputabilidad"},"content":{"rendered":"\n<h3 class=\"wp-block-heading\"><\/h3>\n\n\n\n<p>El presidente <strong>Javier Milei<\/strong> sorprendi\u00f3 con un anuncio durante un acto de su \u201cTour de la Gratitud\u201d en <strong>Mar del Plata<\/strong>, donde adelant\u00f3 que el Gobierno enviar\u00e1 al <strong>Congreso<\/strong> un proyecto de ley para <strong>reducir la edad de imputabilidad penal<\/strong>, con la consigna \u201cdelito de adulto, pena de adulto\u201d.<\/p>\n\n\n\n<p>En la esquina de G\u00fcemes y Avellaneda, en medio de una multitud que combin\u00f3 aplausos y protestas, el mandatario rompi\u00f3 el protocolo para hablar directamente con sus seguidores y confirmar que la iniciativa formar\u00e1 parte del temario de las <strong>sesiones extraordinarias<\/strong> que comienzan el 2 de febrero.<\/p>\n\n\n\n<p>El proyecto, impulsado por los ministerios de <strong>Seguridad y Justicia<\/strong>, propone modificar el r\u00e9gimen penal juvenil vigente desde la \u00faltima dictadura militar, bajando el piso de punibilidad \u2014actualmente en 16 a\u00f1os\u2014 para que menores que cometan delitos graves puedan ser juzgados y condenados como adultos.<\/p>\n\n\n\n<p>Adem\u00e1s de este plan, Milei aprovech\u00f3 la instancia para repasar otros ejes de su gesti\u00f3n, como el compromiso con el <strong>d\u00e9ficit cero<\/strong> y reformas en el <strong>C\u00f3digo Penal<\/strong> y el sistema tributario, reforzando su narrativa de mano dura contra la criminalidad y el llamado a transformar la Argentina.<\/p>\n","protected":false},"excerpt":{"rendered":"<p>El presidente Javier Milei sorprendi\u00f3 con un anuncio durante un acto de su \u201cTour de la Gratitud\u201d en Mar del Plata, donde adelant\u00f3 que el Gobierno enviar\u00e1 al Congreso un proyecto de ley para reducir la edad de imputabilidad penal, con la consigna \u201cdelito de adulto, pena de adulto\u201d. En la esquina de G\u00fcemes y [&hellip;]<\/p>\n","protected":false},"author":1,"featured_media":3526,"comment_status":"open","ping_status":"open","sticky":false,"template":"","format":"standard","meta":{"footnotes":""},"categories":[1],"tags":[],"class_list":["post-3524","post","type-post","status-publish","format-standard","has-post-thumbnail","hentry","category-politica"],"_links":{"self":[{"href":"https:\/\/laestaciononline.com.ar\/index.php?rest_route=\/wp\/v2\/posts\/3524","targetHints":{"allow":["GET"]}}],"collection":[{"href":"https:\/\/laestaciononline.com.ar\/index.php?rest_route=\/wp\/v2\/posts"}],"about":[{"href":"https:\/\/laestaciononline.com.ar\/index.php?rest_route=\/wp\/v2\/types\/post"}],"author":[{"embeddable":true,"href":"https:\/\/laestaciononline.com.ar\/index.php?rest_route=\/wp\/v2\/users\/1"}],"replies":[{"embeddable":true,"href":"https:\/\/laestaciononline.com.ar\/index.php?rest_route=%2Fwp%2Fv2%2Fcomments&post=3524"}],"version-history":[{"count":1,"href":"https:\/\/laestaciononline.com.ar\/index.php?rest_route=\/wp\/v2\/posts\/3524\/revisions"}],"predecessor-version":[{"id":3525,"href":"https:\/\/laestaciononline.com.ar\/index.php?rest_route=\/wp\/v2\/posts\/3524\/revisions\/3525"}],"wp:featuredmedia":[{"embeddable":true,"href":"https:\/\/laestaciononline.com.ar\/index.php?rest_route=\/wp\/v2\/media\/3526"}],"wp:attachment":[{"href":"https:\/\/laestaciononline.com.ar\/index.php?rest_route=%2Fwp%2Fv2%2Fmedia&parent=3524"}],"wp:term":[{"taxonomy":"category","embeddable":true,"href":"https:\/\/laestaciononline.com.ar\/index.php?rest_route=%2Fwp%2Fv2%2Fcategories&post=3524"},{"taxonomy":"post_tag","embeddable":true,"href":"https:\/\/laestaciononline.com.ar\/index.php?rest_route=%2Fwp%2Fv2%2Ftags&post=3524"}],"curies":[{"name":"wp","href":"https:\/\/api.w.org\/{rel}","templated":true}]}}