{"id":3582,"date":"2026-01-28T11:11:27","date_gmt":"2026-01-28T11:11:27","guid":{"rendered":"https:\/\/laestaciononline.com.ar\/?p=3582"},"modified":"2026-01-28T11:14:57","modified_gmt":"2026-01-28T11:14:57","slug":"francia-avanza-con-una-ley-para-prohibir-las-redes-sociales-a-menores-de-15-anos-para-proteger-su-bienestar-digital","status":"publish","type":"post","link":"https:\/\/laestaciononline.com.ar\/?p=3582","title":{"rendered":"Francia avanza con una ley para prohibir las redes sociales a menores de 15 a\u00f1os para proteger su bienestar digital"},"content":{"rendered":"\n<p>El Parlamento franc\u00e9s aprob\u00f3 esta semana un proyecto de ley clave que plantea prohibir el acceso a redes sociales para ni\u00f1os menores de 15 a\u00f1os, en una de las iniciativas m\u00e1s dr\u00e1sticas de Europa para <strong>limitar la influencia de las plataformas digitales en menores<\/strong>.<\/p>\n\n\n\n<p>La <strong>Asamblea Nacional<\/strong>, la c\u00e1mara baja del Parlamento, vot\u00f3 con amplia mayor\u00eda a favor del art\u00edculo principal del proyecto de ley, respaldado por el Gobierno y por el presidente Emmanuel Macron. El texto fue aprobado con <strong>116 votos a favor y 23 en contra<\/strong>, y ahora avanzar\u00e1 al <strong>Senado para su discusi\u00f3n final<\/strong>.<\/p>\n\n\n\n<h3 class=\"wp-block-heading\">\ud83d\udcc5 \u00bfQu\u00e9 busca la nueva norma?<\/h3>\n\n\n\n<ul class=\"wp-block-list\">\n<li><strong>Prohibir el acceso a redes sociales a menores de 15 a\u00f1os<\/strong> en Francia.<\/li>\n\n\n\n<li>La medida est\u00e1 pensada para entrar en vigor al inicio del <strong>curso escolar de septiembre de 2026<\/strong>.<\/li>\n\n\n\n<li>Tambi\u00e9n contempla la extensi\u00f3n de la prohibici\u00f3n de <strong>tel\u00e9fonos m\u00f3viles en institutos y escuelas secundarias<\/strong>, una medida que ya existe para niveles inferiores.<\/li>\n\n\n\n<li>El proyecto define que servicios educativos o enciclopedias en l\u00ednea <strong>no estar\u00edan afectados<\/strong> por la prohibici\u00f3n.<\/li>\n<\/ul>\n\n\n\n<h3 class=\"wp-block-heading\">\ud83e\udde0 \u00bfPor qu\u00e9 esta medida?<\/h3>\n\n\n\n<p>El presidente <strong>Emmanuel Macron<\/strong> ha dicho que la intenci\u00f3n es <strong>proteger la salud mental y emocional de los adolescentes<\/strong>, especialmente frente a algoritmos que promueven contenido adictivo o da\u00f1ino. En un mensaje difundido por la cadena BFMTV, Macron afirm\u00f3 que \u201c<strong>el cerebro de nuestros ni\u00f1os y adolescentes no est\u00e1 en venta ni para ser manipulado por plataformas estadounidenses ni por algoritmos chinos<\/strong>\u201d.<\/p>\n\n\n\n<p>Las autoridades tambi\u00e9n han expresado preocupaci\u00f3n por problemas como <strong>ciberacoso, comparaciones constantes y exposici\u00f3n a contenidos violentos o inapropiados<\/strong>, motivando la intervenci\u00f3n estatal.<\/p>\n\n\n\n<h3 class=\"wp-block-heading\">\ud83e\udde9 Contexto europeo y comparaciones<\/h3>\n\n\n\n<p>Francia seguir\u00eda los pasos de pa\u00edses como <strong>Australia<\/strong>, que ya aprob\u00f3 un l\u00edmite de edad similar para menores de 16 a\u00f1os, y se suma a un debate m\u00e1s amplio en Europa sobre c\u00f3mo equilibrar la seguridad digital con los derechos de los usuarios j\u00f3venes.<\/p>\n\n\n\n<h3 class=\"wp-block-heading\">\u2696\ufe0f \u00bfQu\u00e9 sigue?<\/h3>\n\n\n\n<p>El proyecto de ley deber\u00e1 ser revisado por el <strong>Senado franc\u00e9s<\/strong> antes de convertirse en ley. Si se confirma en esa c\u00e1mara, la prohibici\u00f3n podr\u00eda entrar en vigor para el pr\u00f3ximo a\u00f1o escolar, con sistemas de verificaci\u00f3n de edad implementados por las propias plataformas<\/p>\n","protected":false},"excerpt":{"rendered":"<p>El Parlamento franc\u00e9s aprob\u00f3 esta semana un proyecto de ley clave que plantea prohibir el acceso a redes sociales para ni\u00f1os menores de 15 a\u00f1os, en una de las iniciativas m\u00e1s dr\u00e1sticas de Europa para limitar la influencia de las plataformas digitales en menores. La Asamblea Nacional, la c\u00e1mara baja del Parlamento, vot\u00f3 con amplia [&hellip;]<\/p>\n","protected":false},"author":1,"featured_media":3584,"comment_status":"open","ping_status":"open","sticky":false,"template":"","format":"standard","meta":{"footnotes":""},"categories":[12,1],"tags":[],"class_list":["post-3582","post","type-post","status-publish","format-standard","has-post-thumbnail","hentry","category-internacional","category-politica"],"_links":{"self":[{"href":"https:\/\/laestaciononline.com.ar\/index.php?rest_route=\/wp\/v2\/posts\/3582","targetHints":{"allow":["GET"]}}],"collection":[{"href":"https:\/\/laestaciononline.com.ar\/index.php?rest_route=\/wp\/v2\/posts"}],"about":[{"href":"https:\/\/laestaciononline.com.ar\/index.php?rest_route=\/wp\/v2\/types\/post"}],"author":[{"embeddable":true,"href":"https:\/\/laestaciononline.com.ar\/index.php?rest_route=\/wp\/v2\/users\/1"}],"replies":[{"embeddable":true,"href":"https:\/\/laestaciononline.com.ar\/index.php?rest_route=%2Fwp%2Fv2%2Fcomments&post=3582"}],"version-history":[{"count":2,"href":"https:\/\/laestaciononline.com.ar\/index.php?rest_route=\/wp\/v2\/posts\/3582\/revisions"}],"predecessor-version":[{"id":3585,"href":"https:\/\/laestaciononline.com.ar\/index.php?rest_route=\/wp\/v2\/posts\/3582\/revisions\/3585"}],"wp:featuredmedia":[{"embeddable":true,"href":"https:\/\/laestaciononline.com.ar\/index.php?rest_route=\/wp\/v2\/media\/3584"}],"wp:attachment":[{"href":"https:\/\/laestaciononline.com.ar\/index.php?rest_route=%2Fwp%2Fv2%2Fmedia&parent=3582"}],"wp:term":[{"taxonomy":"category","embeddable":true,"href":"https:\/\/laestaciononline.com.ar\/index.php?rest_route=%2Fwp%2Fv2%2Fcategories&post=3582"},{"taxonomy":"post_tag","embeddable":true,"href":"https:\/\/laestaciononline.com.ar\/index.php?rest_route=%2Fwp%2Fv2%2Ftags&post=3582"}],"curies":[{"name":"wp","href":"https:\/\/api.w.org\/{rel}","templated":true}]}}