{"id":3591,"date":"2026-01-28T16:21:01","date_gmt":"2026-01-28T16:21:01","guid":{"rendered":"https:\/\/laestaciononline.com.ar\/?p=3591"},"modified":"2026-01-28T16:25:31","modified_gmt":"2026-01-28T16:25:31","slug":"el-peronismo-bonaerense-negocia-una-lista-conjunta-entre-kicillof-y-el-kirchnerismo-para-evitar-internas","status":"publish","type":"post","link":"https:\/\/laestaciononline.com.ar\/?p=3591","title":{"rendered":"El peronismo bonaerense negocia una lista conjunta entre Kicillof y el kirchnerismo para evitar internas"},"content":{"rendered":"\n<h2 class=\"wp-block-heading\"><\/h2>\n\n\n\n<p>El peronismo de la provincia de Buenos Aires est\u00e1 cerca de acordar una lista conjunta entre el kirchnerismo y el espacio del gobernador Axel Kicillof de cara a la renovaci\u00f3n de autoridades del Partido Justicialista bonaerense, prevista para el <strong>15 de marzo<\/strong>. En los \u00faltimos d\u00edas se aceleraron las conversaciones con el objetivo de evitar una interna provincial que podr\u00eda tener un desenlace incierto.<\/p>\n\n\n\n<p>Aunque todav\u00eda no se defini\u00f3 qui\u00e9n presidir\u00e1 el PJ a partir de esa fecha, las negociaciones apuntan, <strong>en principio<\/strong>, a que sea un intendente con capacidad de di\u00e1logo. La diputada nacional <strong>Victoria Tolosa Paz<\/strong> afirm\u00f3 que \u201choy en la provincia de Buenos Aires estamos obligados a buscar una lista de consenso, porque la disputa p\u00fablica entre el gobernador Axel Kicillof y el sector conducido por M\u00e1ximo Kirchner no nos deja en un buen lugar\u201d.<\/p>\n\n\n\n<p>Desde el Movimiento Derecho al Futuro (MDF) del gobernador buscan asegurar presencia en los cargos clave del PJ, impulsando nombres como la vicegobernadora <strong>Ver\u00f3nica Magario<\/strong> o al intendente <strong>Federico Oterm\u00edn<\/strong>. Tambi\u00e9n se baraja la idea de una conducci\u00f3n rotativa, aunque no hay definiciones firmes.<\/p>\n\n\n\n<p>El contexto pol\u00edtico recuerda lo ocurrido en las elecciones provinciales de septiembre pasado, cuando tras un momento de tensi\u00f3n interna el peronismo termin\u00f3 acordando una lista. Hoy se intenta repetir una f\u00f3rmula de consenso para <strong>evitar la competencia interna<\/strong> y mantener la unidad de las principales fuerzas del peronismo en la provincia.<\/p>\n\n\n\n<p>El plazo para presentar las listas vence el <strong>8 de febrero<\/strong>, y l\u00edderes de ambos sectores conf\u00edan en que el acuerdo de representaci\u00f3n equilibrada en cargos internos asegurar\u00e1 la participaci\u00f3n de todos los sectores sin necesidad de una confrontaci\u00f3n directa.<\/p>\n","protected":false},"excerpt":{"rendered":"<p>El peronismo de la provincia de Buenos Aires est\u00e1 cerca de acordar una lista conjunta entre el kirchnerismo y el espacio del gobernador Axel Kicillof de cara a la renovaci\u00f3n de autoridades del Partido Justicialista bonaerense, prevista para el 15 de marzo. En los \u00faltimos d\u00edas se aceleraron las conversaciones con el objetivo de evitar [&hellip;]<\/p>\n","protected":false},"author":1,"featured_media":3593,"comment_status":"open","ping_status":"open","sticky":false,"template":"","format":"standard","meta":{"footnotes":""},"categories":[1],"tags":[],"class_list":["post-3591","post","type-post","status-publish","format-standard","has-post-thumbnail","hentry","category-politica"],"_links":{"self":[{"href":"https:\/\/laestaciononline.com.ar\/index.php?rest_route=\/wp\/v2\/posts\/3591","targetHints":{"allow":["GET"]}}],"collection":[{"href":"https:\/\/laestaciononline.com.ar\/index.php?rest_route=\/wp\/v2\/posts"}],"about":[{"href":"https:\/\/laestaciononline.com.ar\/index.php?rest_route=\/wp\/v2\/types\/post"}],"author":[{"embeddable":true,"href":"https:\/\/laestaciononline.com.ar\/index.php?rest_route=\/wp\/v2\/users\/1"}],"replies":[{"embeddable":true,"href":"https:\/\/laestaciononline.com.ar\/index.php?rest_route=%2Fwp%2Fv2%2Fcomments&post=3591"}],"version-history":[{"count":1,"href":"https:\/\/laestaciononline.com.ar\/index.php?rest_route=\/wp\/v2\/posts\/3591\/revisions"}],"predecessor-version":[{"id":3592,"href":"https:\/\/laestaciononline.com.ar\/index.php?rest_route=\/wp\/v2\/posts\/3591\/revisions\/3592"}],"wp:featuredmedia":[{"embeddable":true,"href":"https:\/\/laestaciononline.com.ar\/index.php?rest_route=\/wp\/v2\/media\/3593"}],"wp:attachment":[{"href":"https:\/\/laestaciononline.com.ar\/index.php?rest_route=%2Fwp%2Fv2%2Fmedia&parent=3591"}],"wp:term":[{"taxonomy":"category","embeddable":true,"href":"https:\/\/laestaciononline.com.ar\/index.php?rest_route=%2Fwp%2Fv2%2Fcategories&post=3591"},{"taxonomy":"post_tag","embeddable":true,"href":"https:\/\/laestaciononline.com.ar\/index.php?rest_route=%2Fwp%2Fv2%2Ftags&post=3591"}],"curies":[{"name":"wp","href":"https:\/\/api.w.org\/{rel}","templated":true}]}}