{"id":3609,"date":"2026-01-29T14:02:35","date_gmt":"2026-01-29T14:02:35","guid":{"rendered":"https:\/\/laestaciononline.com.ar\/?p=3609"},"modified":"2026-01-29T14:04:40","modified_gmt":"2026-01-29T14:04:40","slug":"indignacion-en-la-lucila-del-mar-un-turista-molesto-a-un-lobo-marino-y-genero-polemica","status":"publish","type":"post","link":"https:\/\/laestaciononline.com.ar\/?p=3609","title":{"rendered":"Indignaci\u00f3n en La Lucila del Mar: un turista molest\u00f3 a un lobo marino y gener\u00f3 pol\u00e9mica"},"content":{"rendered":"\n<h3 class=\"wp-block-heading\"><\/h3>\n\n\n\n<p>Un hecho que ya se volvi\u00f3 viral provoc\u00f3 un fuerte rechazo entre quienes estaban de vacaciones en las playas de La Lucila del Mar, en la costa bonaerense. Un hombre se acerc\u00f3 a un <strong>lobo marino que descansaba sobre la arena<\/strong>, ignor\u00f3 las advertencias de otros veraneantes y lo toc\u00f3, lo que desat\u00f3 una acalorada discusi\u00f3n y encendi\u00f3 el debate sobre el trato hacia la fauna marina.<\/p>\n\n\n\n<p>Las im\u00e1genes que circularon en redes muestran al animal abriendo la boca en se\u00f1al de defensa y al turista persistiendo en su actitud pese a los reclamos. Varias personas presentes le gritaron que se alejara, se\u00f1alando que el lobo marino pod\u00eda reaccionar de forma agresiva, especialmente si estaba herido.<\/p>\n\n\n\n<p>La situaci\u00f3n escal\u00f3 cuando el hombre, lejos de retroceder, respondi\u00f3 con palabras desafortunadas e intent\u00f3 justificar su conducta, lo que gener\u00f3 a\u00fan m\u00e1s indignaci\u00f3n entre quienes lo rodeaban.<\/p>\n\n\n\n<p>Este episodio volvi\u00f3 a poner en foco la importancia de <strong>respetar a los animales silvestres<\/strong>, y organizaciones que trabajan con fauna marina insisten en que los visitantes mantengan distancia, no interact\u00faen f\u00edsicamente con los ejemplares y sigan las recomendaciones para evitar situaciones de riesgo tanto para las personas como para los animales<\/p>\n","protected":false},"excerpt":{"rendered":"<p>Un hecho que ya se volvi\u00f3 viral provoc\u00f3 un fuerte rechazo entre quienes estaban de vacaciones en las playas de La Lucila del Mar, en la costa bonaerense. Un hombre se acerc\u00f3 a un lobo marino que descansaba sobre la arena, ignor\u00f3 las advertencias de otros veraneantes y lo toc\u00f3, lo que desat\u00f3 una acalorada [&hellip;]<\/p>\n","protected":false},"author":1,"featured_media":3611,"comment_status":"open","ping_status":"open","sticky":false,"template":"","format":"standard","meta":{"footnotes":""},"categories":[1],"tags":[],"class_list":["post-3609","post","type-post","status-publish","format-standard","has-post-thumbnail","hentry","category-politica"],"_links":{"self":[{"href":"https:\/\/laestaciononline.com.ar\/index.php?rest_route=\/wp\/v2\/posts\/3609","targetHints":{"allow":["GET"]}}],"collection":[{"href":"https:\/\/laestaciononline.com.ar\/index.php?rest_route=\/wp\/v2\/posts"}],"about":[{"href":"https:\/\/laestaciononline.com.ar\/index.php?rest_route=\/wp\/v2\/types\/post"}],"author":[{"embeddable":true,"href":"https:\/\/laestaciononline.com.ar\/index.php?rest_route=\/wp\/v2\/users\/1"}],"replies":[{"embeddable":true,"href":"https:\/\/laestaciononline.com.ar\/index.php?rest_route=%2Fwp%2Fv2%2Fcomments&post=3609"}],"version-history":[{"count":1,"href":"https:\/\/laestaciononline.com.ar\/index.php?rest_route=\/wp\/v2\/posts\/3609\/revisions"}],"predecessor-version":[{"id":3610,"href":"https:\/\/laestaciononline.com.ar\/index.php?rest_route=\/wp\/v2\/posts\/3609\/revisions\/3610"}],"wp:featuredmedia":[{"embeddable":true,"href":"https:\/\/laestaciononline.com.ar\/index.php?rest_route=\/wp\/v2\/media\/3611"}],"wp:attachment":[{"href":"https:\/\/laestaciononline.com.ar\/index.php?rest_route=%2Fwp%2Fv2%2Fmedia&parent=3609"}],"wp:term":[{"taxonomy":"category","embeddable":true,"href":"https:\/\/laestaciononline.com.ar\/index.php?rest_route=%2Fwp%2Fv2%2Fcategories&post=3609"},{"taxonomy":"post_tag","embeddable":true,"href":"https:\/\/laestaciononline.com.ar\/index.php?rest_route=%2Fwp%2Fv2%2Ftags&post=3609"}],"curies":[{"name":"wp","href":"https:\/\/api.w.org\/{rel}","templated":true}]}}