{"id":3640,"date":"2026-02-02T12:43:46","date_gmt":"2026-02-02T12:43:46","guid":{"rendered":"https:\/\/laestaciononline.com.ar\/?p=3640"},"modified":"2026-02-02T12:43:46","modified_gmt":"2026-02-02T12:43:46","slug":"caso-bastian-restringen-la-circulacion-de-camionetas-4x4-y-vehiculos-off-road-en-la-frontera-de-pinamar","status":"publish","type":"post","link":"https:\/\/laestaciononline.com.ar\/?p=3640","title":{"rendered":"Caso Basti\u00e1n: restringen la circulaci\u00f3n de camionetas 4&#215;4 y veh\u00edculos off road en La Frontera de Pinamar"},"content":{"rendered":"\n<p>La Justicia bonaerense dispuso la <strong>suspensi\u00f3n inmediata de todas las actividades motorizadas<\/strong> en los m\u00e9danos de \u201cLa Frontera\u201d, en Pinamar, como respuesta a los <strong>constantes accidentes viales en la zona<\/strong>, entre ellos el que dej\u00f3 gravemente herido al ni\u00f1o Basti\u00e1n.<\/p>\n\n\n\n<p>La medida fue dictada por el <strong>Juzgado Civil y Comercial N\u00ba 4 de Dolores<\/strong> a partir de una acci\u00f3n de amparo presentada por el ex director ejecutivo de la Agencia Nacional de Seguridad Vial, <strong>Pablo Mart\u00ednez Carignano<\/strong>, contra la Municipalidad local.<\/p>\n\n\n\n<p>El fallo del juez suplente <strong>F\u00e9lix Adri\u00e1n Ferr\u00e1n<\/strong> establece la <strong>prohibici\u00f3n de pruebas de destreza, competencias, desaf\u00edos, carreras y cualquier maniobra riesgosa<\/strong> realizadas con veh\u00edculos <strong>4\u00d74, UTV, cuatriciclos, motos y similares<\/strong> en el sector de m\u00e9danos costeros conocido como La Frontera, incluso cuando se trate de predios privados. El argumento principal es el riesgo manifiesto y la reiteraci\u00f3n de siniestros graves, muchos de ellos con menores de edad como v\u00edctimas.<\/p>\n\n\n\n<p>Adem\u00e1s, el juez remarc\u00f3 que <strong>los municipios deben ejercer el poder de polic\u00eda<\/strong> para regular y controlar este tipo de actividades que comprometen la seguridad p\u00fablica y que la falta de intervenci\u00f3n puede generar situaciones de <strong>peligro actual o inminente<\/strong>.<\/p>\n\n\n\n<p>La decisi\u00f3n se dio semanas despu\u00e9s del accidente en el que <strong>Basti\u00e1n, de ocho a\u00f1os, sufri\u00f3 m\u00faltiples fracturas de cr\u00e1neo y otras lesiones graves<\/strong> tras un choque entre un UTV y una camioneta, hecho que moviliz\u00f3 a la comunidad y a las autoridades judiciales.<\/p>\n\n\n\n<p>La prohibici\u00f3n se mantendr\u00e1 hasta que la Municipalidad pueda demostrar que existen <strong>condiciones de seguridad y control suficientes<\/strong>, como se\u00f1alizaci\u00f3n, delimitaci\u00f3n de zonas y supervisi\u00f3n efectiva, para evitar nuevos siniestros en la zona.<\/p>\n","protected":false},"excerpt":{"rendered":"<p>La Justicia bonaerense dispuso la suspensi\u00f3n inmediata de todas las actividades motorizadas en los m\u00e9danos de \u201cLa Frontera\u201d, en Pinamar, como respuesta a los constantes accidentes viales en la zona, entre ellos el que dej\u00f3 gravemente herido al ni\u00f1o Basti\u00e1n. La medida fue dictada por el Juzgado Civil y Comercial N\u00ba 4 de Dolores a [&hellip;]<\/p>\n","protected":false},"author":1,"featured_media":681,"comment_status":"open","ping_status":"open","sticky":false,"template":"","format":"standard","meta":{"footnotes":""},"categories":[1],"tags":[],"class_list":["post-3640","post","type-post","status-publish","format-standard","has-post-thumbnail","hentry","category-politica"],"_links":{"self":[{"href":"https:\/\/laestaciononline.com.ar\/index.php?rest_route=\/wp\/v2\/posts\/3640","targetHints":{"allow":["GET"]}}],"collection":[{"href":"https:\/\/laestaciononline.com.ar\/index.php?rest_route=\/wp\/v2\/posts"}],"about":[{"href":"https:\/\/laestaciononline.com.ar\/index.php?rest_route=\/wp\/v2\/types\/post"}],"author":[{"embeddable":true,"href":"https:\/\/laestaciononline.com.ar\/index.php?rest_route=\/wp\/v2\/users\/1"}],"replies":[{"embeddable":true,"href":"https:\/\/laestaciononline.com.ar\/index.php?rest_route=%2Fwp%2Fv2%2Fcomments&post=3640"}],"version-history":[{"count":1,"href":"https:\/\/laestaciononline.com.ar\/index.php?rest_route=\/wp\/v2\/posts\/3640\/revisions"}],"predecessor-version":[{"id":3641,"href":"https:\/\/laestaciononline.com.ar\/index.php?rest_route=\/wp\/v2\/posts\/3640\/revisions\/3641"}],"wp:featuredmedia":[{"embeddable":true,"href":"https:\/\/laestaciononline.com.ar\/index.php?rest_route=\/wp\/v2\/media\/681"}],"wp:attachment":[{"href":"https:\/\/laestaciononline.com.ar\/index.php?rest_route=%2Fwp%2Fv2%2Fmedia&parent=3640"}],"wp:term":[{"taxonomy":"category","embeddable":true,"href":"https:\/\/laestaciononline.com.ar\/index.php?rest_route=%2Fwp%2Fv2%2Fcategories&post=3640"},{"taxonomy":"post_tag","embeddable":true,"href":"https:\/\/laestaciononline.com.ar\/index.php?rest_route=%2Fwp%2Fv2%2Ftags&post=3640"}],"curies":[{"name":"wp","href":"https:\/\/api.w.org\/{rel}","templated":true}]}}