{"id":3671,"date":"2026-02-05T11:59:43","date_gmt":"2026-02-05T11:59:43","guid":{"rendered":"https:\/\/laestaciononline.com.ar\/?p=3671"},"modified":"2026-02-05T12:01:07","modified_gmt":"2026-02-05T12:01:07","slug":"sin-heridos-se-desato-un-fuego-en-una-fabrica-de-plasticos-en-ezeiza","status":"publish","type":"post","link":"https:\/\/laestaciononline.com.ar\/?p=3671","title":{"rendered":"Sin heridos: se desat\u00f3 un fuego en una f\u00e1brica de pl\u00e1sticos en Ezeiza"},"content":{"rendered":"\n<h2 class=\"wp-block-heading\"><\/h2>\n\n\n\n<p>Una intensa alarma se vivi\u00f3 este mi\u00e9rcoles en el <strong>Polo Industrial de Ezeiza<\/strong>, ubicado en <strong>Carlos Spegazzini<\/strong>, cuando un importante incendio se desat\u00f3 en las instalaciones de la empresa <strong>Bolsaflex<\/strong>, dedicada a la fabricaci\u00f3n de productos pl\u00e1sticos.<\/p>\n\n\n\n<p>El siniestro comenz\u00f3 minutos antes de las <strong>16:00 horas<\/strong>, y debido a la alta inflamabilidad de los materiales almacenados, las llamas se propagaron r\u00e1pidamente, generando una <strong>densa columna de humo negro<\/strong> que pudo observarse desde distintas zonas cercanas como <strong>Trist\u00e1n Su\u00e1rez<\/strong> y barrios vecinos.<\/p>\n\n\n\n<h3 class=\"wp-block-heading\"><strong>Respuesta de emergencia y recomendaciones<\/strong><\/h3>\n\n\n\n<p>Desde Defensa Civil de la Provincia informaron que el operativo de emergencia fue inmediato, con varias dotaciones de bomberos trabajando para contener el fuego y evitar que se extendiera hacia otras instalaciones del complejo industrial, donde hay m\u00faltiples empresas y dep\u00f3sitos.<\/p>\n\n\n\n<p>Por precauci\u00f3n, las autoridades recomendaron a los vecinos mantener cerradas puertas y ventanas para evitar la inhalaci\u00f3n de humo y gases derivados de la combusti\u00f3n de materiales pl\u00e1sticos, as\u00ed como se establecieron per\u00edmetros de seguridad y cortes de tr\u00e1nsito en las calles aleda\u00f1as para facilitar el paso de los equipos de emergencia.<\/p>\n\n\n\n<h3 class=\"wp-block-heading\"><strong>Sin v\u00edctimas, pero vuelve la preocupaci\u00f3n<\/strong><\/h3>\n\n\n\n<p>Afortunadamente, fuentes oficiales confirmaron que <strong>no se registraron v\u00edctimas fatales ni personas lesionadas<\/strong>, y que todo el personal de la f\u00e1brica fue evacuado con tiempo apenas se detect\u00f3 el foco \u00edgneo.<\/p>\n\n\n\n<p>Este incidente reaviv\u00f3 la inquietud entre trabajadores y empresarios del Polo Industrial, ya que <strong>el 14 de noviembre pasado<\/strong> el mismo predio fue escenario de una fuerte <strong>explosi\u00f3n e incendio<\/strong> que afect\u00f3 a varias f\u00e1bricas y gener\u00f3 un operativo de gran envergadura en toda la zona.<\/p>\n\n\n\n<p>Peritos de la polic\u00eda bonaerense trabajar\u00e1n en las pr\u00f3ximas horas para determinar el origen del fuego, mientras los bomberos contin\u00faan con tareas de enfriamiento para evitar posibles reinicios del foco \u00edgneo.<\/p>\n","protected":false},"excerpt":{"rendered":"<p>Una intensa alarma se vivi\u00f3 este mi\u00e9rcoles en el Polo Industrial de Ezeiza, ubicado en Carlos Spegazzini, cuando un importante incendio se desat\u00f3 en las instalaciones de la empresa Bolsaflex, dedicada a la fabricaci\u00f3n de productos pl\u00e1sticos. El siniestro comenz\u00f3 minutos antes de las 16:00 horas, y debido a la alta inflamabilidad de los materiales [&hellip;]<\/p>\n","protected":false},"author":1,"featured_media":3673,"comment_status":"open","ping_status":"open","sticky":false,"template":"","format":"standard","meta":{"footnotes":""},"categories":[1],"tags":[],"class_list":["post-3671","post","type-post","status-publish","format-standard","has-post-thumbnail","hentry","category-politica"],"_links":{"self":[{"href":"https:\/\/laestaciononline.com.ar\/index.php?rest_route=\/wp\/v2\/posts\/3671","targetHints":{"allow":["GET"]}}],"collection":[{"href":"https:\/\/laestaciononline.com.ar\/index.php?rest_route=\/wp\/v2\/posts"}],"about":[{"href":"https:\/\/laestaciononline.com.ar\/index.php?rest_route=\/wp\/v2\/types\/post"}],"author":[{"embeddable":true,"href":"https:\/\/laestaciononline.com.ar\/index.php?rest_route=\/wp\/v2\/users\/1"}],"replies":[{"embeddable":true,"href":"https:\/\/laestaciononline.com.ar\/index.php?rest_route=%2Fwp%2Fv2%2Fcomments&post=3671"}],"version-history":[{"count":3,"href":"https:\/\/laestaciononline.com.ar\/index.php?rest_route=\/wp\/v2\/posts\/3671\/revisions"}],"predecessor-version":[{"id":3675,"href":"https:\/\/laestaciononline.com.ar\/index.php?rest_route=\/wp\/v2\/posts\/3671\/revisions\/3675"}],"wp:featuredmedia":[{"embeddable":true,"href":"https:\/\/laestaciononline.com.ar\/index.php?rest_route=\/wp\/v2\/media\/3673"}],"wp:attachment":[{"href":"https:\/\/laestaciononline.com.ar\/index.php?rest_route=%2Fwp%2Fv2%2Fmedia&parent=3671"}],"wp:term":[{"taxonomy":"category","embeddable":true,"href":"https:\/\/laestaciononline.com.ar\/index.php?rest_route=%2Fwp%2Fv2%2Fcategories&post=3671"},{"taxonomy":"post_tag","embeddable":true,"href":"https:\/\/laestaciononline.com.ar\/index.php?rest_route=%2Fwp%2Fv2%2Ftags&post=3671"}],"curies":[{"name":"wp","href":"https:\/\/api.w.org\/{rel}","templated":true}]}}