{"id":3679,"date":"2026-02-05T13:44:36","date_gmt":"2026-02-05T13:44:36","guid":{"rendered":"https:\/\/laestaciononline.com.ar\/?p=3679"},"modified":"2026-02-05T13:45:34","modified_gmt":"2026-02-05T13:45:34","slug":"con-doble-funcion-este-fin-de-semana-vuelve-el-cine-de-verano-a-brown","status":"publish","type":"post","link":"https:\/\/laestaciononline.com.ar\/?p=3679","title":{"rendered":"Con doble funci\u00f3n, este fin de semana vuelve el &#8220;Cine de Verano&#8221; a Brown"},"content":{"rendered":"\n<p><\/p>\n\n\n\n<p>El Municipio de Almirante Brown inform\u00f3 que el programa \u201cCine de Verano\u201d se presentar\u00e1 este s\u00e1bado y domingo en los Parques Carrillo y Don Orione, donde los vecinos podr\u00e1n disfrutar de la proyecci\u00f3n de la pel\u00edcula \u201cNueve Reinas\u201d protagonizada por Ricardo Dar\u00edn y gran electo.<\/p>\n\n\n\n<p>La iniciativa comenzar\u00e1 el s\u00e1bado 7 de febrero, a las 20 horas, en el Parque Saludable Ram\u00f3n Carrillo, ubicado en la calle Erezcano N\u00b0 1850, en el l\u00edmite entre las localidades de Burzaco, Rafael Calzada y Adrogu\u00e9.<\/p>\n\n\n\n<p>En tanto, la segunda jornada tendr\u00e1 lugar el domingo 8 de febrero a las 20 horas en el Parque Don Orione, situado en la Avenida Eva Per\u00f3n N\u00b0 1948.<\/p>\n\n\n\n<p>Con entrada libre y gratuita, el p\u00fablico no solo podr\u00e1 disfrutar de una pel\u00edcula del cine nacional, sino tambi\u00e9n participar de un encuentro de recreaci\u00f3n y esparcimiento al aire libre, pensado para toda la familia.<\/p>\n\n\n\n<p>\u201cEstos ciclos itinerantes recorren distintos barrios de nuestro distrito. Adem\u00e1s de pel\u00edculas nacionales, se proyectan cortometrajes, prometiendo noches de disfrute para las familias brownianas\u201d, sostuvo Mariano Cascallares.<\/p>\n\n\n\n<p>Desde el Instituto de las Culturas browniano destacaron la importancia de promover el cine nacional a trav\u00e9s de proyecciones gratuitas durante el verano. En ese sentido, subrayaron que estas propuestas culturales, que ya convocaron a miles de vecinos, invitan a disfrutar de los espacios p\u00fablicos del distrito.<\/p>\n\n\n\n<p>En esta ocasi\u00f3n se proyectar\u00e1 \u201cNueve Reinas\u201d, filme argentino que cumple 25 a\u00f1os desde su estreno, protagonizado por Ricardo Dar\u00edn y Gast\u00f3n Pauls. La pel\u00edcula relata la historia de dos estafadores que se conocen por casualidad y se mantiene vigente como un cl\u00e1sico del cine nacional que contin\u00faa cautivando a nuevas generaciones.<\/p>\n","protected":false},"excerpt":{"rendered":"<p>El Municipio de Almirante Brown inform\u00f3 que el programa \u201cCine de Verano\u201d se presentar\u00e1 este s\u00e1bado y domingo en los Parques Carrillo y Don Orione, donde los vecinos podr\u00e1n disfrutar de la proyecci\u00f3n de la pel\u00edcula \u201cNueve Reinas\u201d protagonizada por Ricardo Dar\u00edn y gran electo. La iniciativa comenzar\u00e1 el s\u00e1bado 7 de febrero, a las [&hellip;]<\/p>\n","protected":false},"author":1,"featured_media":3681,"comment_status":"open","ping_status":"open","sticky":false,"template":"","format":"standard","meta":{"footnotes":""},"categories":[1],"tags":[],"class_list":["post-3679","post","type-post","status-publish","format-standard","has-post-thumbnail","hentry","category-politica"],"_links":{"self":[{"href":"https:\/\/laestaciononline.com.ar\/index.php?rest_route=\/wp\/v2\/posts\/3679","targetHints":{"allow":["GET"]}}],"collection":[{"href":"https:\/\/laestaciononline.com.ar\/index.php?rest_route=\/wp\/v2\/posts"}],"about":[{"href":"https:\/\/laestaciononline.com.ar\/index.php?rest_route=\/wp\/v2\/types\/post"}],"author":[{"embeddable":true,"href":"https:\/\/laestaciononline.com.ar\/index.php?rest_route=\/wp\/v2\/users\/1"}],"replies":[{"embeddable":true,"href":"https:\/\/laestaciononline.com.ar\/index.php?rest_route=%2Fwp%2Fv2%2Fcomments&post=3679"}],"version-history":[{"count":1,"href":"https:\/\/laestaciononline.com.ar\/index.php?rest_route=\/wp\/v2\/posts\/3679\/revisions"}],"predecessor-version":[{"id":3680,"href":"https:\/\/laestaciononline.com.ar\/index.php?rest_route=\/wp\/v2\/posts\/3679\/revisions\/3680"}],"wp:featuredmedia":[{"embeddable":true,"href":"https:\/\/laestaciononline.com.ar\/index.php?rest_route=\/wp\/v2\/media\/3681"}],"wp:attachment":[{"href":"https:\/\/laestaciononline.com.ar\/index.php?rest_route=%2Fwp%2Fv2%2Fmedia&parent=3679"}],"wp:term":[{"taxonomy":"category","embeddable":true,"href":"https:\/\/laestaciononline.com.ar\/index.php?rest_route=%2Fwp%2Fv2%2Fcategories&post=3679"},{"taxonomy":"post_tag","embeddable":true,"href":"https:\/\/laestaciononline.com.ar\/index.php?rest_route=%2Fwp%2Fv2%2Ftags&post=3679"}],"curies":[{"name":"wp","href":"https:\/\/api.w.org\/{rel}","templated":true}]}}