{"id":392,"date":"2024-11-23T09:50:42","date_gmt":"2024-11-23T09:50:42","guid":{"rendered":"https:\/\/laestaciononline.com.ar\/?p=392"},"modified":"2024-11-23T09:53:22","modified_gmt":"2024-11-23T09:53:22","slug":"pablo-moyano-presento-su-renuncia-al-consejo-directivo-de-la-cgt","status":"publish","type":"post","link":"https:\/\/laestaciononline.com.ar\/?p=392","title":{"rendered":"Pablo Moyano present\u00f3 su renuncia al Consejo Directivo de la CGT"},"content":{"rendered":"\n<p>El l\u00edder camionero\u00a0<strong>Pablo Moyano renunci\u00f3\u00a0<\/strong>este viernes a su cargo como<strong>\u00a0Co- Secretario General del Consejo Directivo Nacional de la Central General del Trabajo (CGT)<\/strong>\u00a0&#8220;al no coincidir con las decisiones tomadas por la llamada &#8216;mesa chica'&#8221;. El d\u00eda anterior el\u00a0sector dialoguista de la central se hab\u00eda reunido con el Gobierno.<\/p>\n\n\n\n<p>Moyano renunci\u00f3 a su cargo en la CGT a trav\u00e9s de una breve nota enviada al Consejo Directivo de la central. Hac\u00eda un tiempo que ven\u00eda pidiendo mantener un plan de lucha contra el ajuste libertario, pero en el \u00faltimo tiempo prim\u00f3 la postura dialoguista<\/p>\n\n\n\n<p>La renuncia de Moyano se produjo despu\u00e9s de la reuni\u00f3n que el sector dialoguista, entre los que se encuentra Gerardo Mart\u00ednez (UOCRA), que mantuvo este jueves con el\u00a0<strong>Gobierno\u00a0<\/strong>y\u00a0<strong>empresarios<\/strong>\u00a0del Grupo de los 6 para tratar cuestiones pendientes del cap\u00edtulo sindical de la Ley Bases. Adem\u00e1s de la reuni\u00f3n,\u00a0<strong>la central descart\u00f3 un nuevo paro nacional en medio de las negociaciones<\/strong>.<\/p>\n\n\n\n<p>A esto se le suma la iniciativa de&nbsp;<strong>&#8220;democracia sindical&#8221;<\/strong>&nbsp;impulsada en el Congreso por el radicalismo y PRO que avanza sobre los organizaciones sindicales. Frente a este escenario, Moyano y otros gremios dentro de la CGT plantean la necesidad de tomar una posici\u00f3n m\u00e1s dura frente al Gobierno. Postura desestimada por la &#8220;mesa chica&#8221; de la central.<\/p>\n\n\n\n<h2 class=\"wp-block-heading\">Democracia sindical: UCR fuerza el reglamento y pide sesi\u00f3n para darle un golpe a gremios<\/h2>\n\n\n\n<p>Luego de fracasar por una firma en su intenci\u00f3n de obtener&nbsp;<a href=\"https:\/\/www.ambito.com\/politica\/nuevo-traspie-el-proyecto-democracia-sindical-pero-avanzo-reforma-creditos-laborales-n6083693\" target=\"_blank\" rel=\"noreferrer noopener\">dictamen para la iniciativa de &#8220;<strong>democracia sindical<\/strong>&#8220;<\/a>, que reforma la&nbsp;<strong>conformaci\u00f3n dirigencial de los gremios<\/strong>&nbsp;y sus alcances sobre los afiliados, miembros de la&nbsp;<strong>Uni\u00f3n C\u00edvica Radical (UCR)&nbsp;<\/strong>presentaron una fundamentaci\u00f3n legal para insistir con la votaci\u00f3n del proyecto en&nbsp;<strong><a href=\"https:\/\/www.ambito.com\/politica\/diputados-la-oposicion-presiona-extraordinarias-y-se-cayo-la-sesion-la-reforma-ficha-limpia-n6083991\" target=\"_blank\" rel=\"noreferrer noopener\">Diputados<\/a><\/strong>&nbsp;la pr\u00f3xima semana.<\/p>\n\n\n\n<p>La iniciativa que pretende la&nbsp;<strong>eliminaci\u00f3n de las reelecciones indefinidas para los secretarios generales, la supresi\u00f3n de la obligatoriedad de la cuota solidaria&nbsp;<\/strong>y la puesta en vigencia de la ficha limpia para los sindicalistas. Asimismo, se propone la reglamentaci\u00f3n de \u00f3rgano de cinco miembros en las dirigencias de los sindicatos con representaci\u00f3n de las minor\u00edas y se establec\u00edan nuevos esquemas de elecci\u00f3n de la obra social sindical. Sin embargo, en la pasada reuni\u00f3n de la&nbsp;<strong>Comisi\u00f3n de Legislaci\u00f3n del Trabajo,&nbsp;<\/strong>el proyecto impulsado por la UCR y el PRO obtuvo 15 firmas y no lleg\u00f3 al dictamen. Eso no fue motivo para que&nbsp;<strong>Mart\u00edn Tetaz (UCR),&nbsp;<\/strong>titular de la comisi\u00f3n, insista con el pedido.<\/p>\n\n\n\n<p>La interpretaci\u00f3n que realiza&nbsp;<strong>Tetaz se remonta a una votaci\u00f3n de 21 de abril del 2010<\/strong>, que se\u00f1ala que \u201c<strong>para que un despacho sea v\u00e1lido es necesaria la firma de la mayor\u00eda de los miembros de cada una de las comisiones<\/strong>\u201d. En ese marco, analiza que &#8220;es ajustado a Derecho que el cuerpo no puede cambiar el reglamento sin que exista un dictamen previo de la comisi\u00f3n correspondiente o en todo caso hubiera necesitado una mayor\u00eda especial&#8221; y concluye: &#8220;Considerando que esa resoluci\u00f3n interpretativa fue aprobada con 141 votos positivos vs 91 votos negativos [&#8230;]&nbsp;<strong>no puede de ninguna manera corregir el reglamento hacia delante<\/strong>&#8220;.<\/p>\n\n\n\n<p>La solicitud, que busca sesionar el pr\u00f3ximo<strong>\u00a0martes 26 de noviembre<\/strong>\u00a0(elecci\u00f3n que implicar\u00eda cruzarse con\u00a0otro pedido de convocatoria, de sus pares radicales del bloque\u00a0<strong>Democracia para Siempre<\/strong>), qued\u00f3 en manos del titular de la\u00a0<strong>C\u00e1mara de Diputados, Mart\u00edn Menem<\/strong>. M\u00e1s all\u00e1 de que su decisi\u00f3n sentar\u00eda un precedente que reformar\u00eda la interpretaci\u00f3n de la pr\u00e1ctica legislativa, resulta pertinente remarcar que\u00a0<strong>La Libertad Avanza\u00a0<\/strong>tampoco acompa\u00f1\u00f3 en su totalidad al dictamen de la\u00a0<strong>UCR<\/strong>.<\/p>\n\n\n\n<p>Otra particularidad es que en la \u00faltima reuni\u00f3n de la&nbsp;<strong>Comisi\u00f3n de Legislaci\u00f3n Laboral&nbsp;<\/strong>s\u00ed obtuvo dictamen de mayor\u00eda el proyecto de&nbsp;<strong>la&nbsp;<\/strong><strong>UCR y el PRO&nbsp;<\/strong>de reforma de los&nbsp;<strong>cr\u00e9ditos laborales<\/strong>, que establece una<strong>&nbsp;tasa de inter\u00e9s pura del 3% anual<\/strong>&#8221; para las indemnizaciones mientras transcurre el tiempo del litigio judicial. Sin embargo, esa propuesta no fue incluida en el temario.<\/p>\n","protected":false},"excerpt":{"rendered":"<p>El l\u00edder camionero\u00a0Pablo Moyano renunci\u00f3\u00a0este viernes a su cargo como\u00a0Co- Secretario General del Consejo Directivo Nacional de la Central General del Trabajo (CGT)\u00a0&#8220;al no coincidir con las decisiones tomadas por la llamada &#8216;mesa chica&#8217;&#8221;. El d\u00eda anterior el\u00a0sector dialoguista de la central se hab\u00eda reunido con el Gobierno. Moyano renunci\u00f3 a su cargo en la [&hellip;]<\/p>\n","protected":false},"author":1,"featured_media":394,"comment_status":"open","ping_status":"open","sticky":false,"template":"","format":"standard","meta":{"footnotes":""},"categories":[1],"tags":[],"class_list":["post-392","post","type-post","status-publish","format-standard","has-post-thumbnail","hentry","category-politica"],"_links":{"self":[{"href":"https:\/\/laestaciononline.com.ar\/index.php?rest_route=\/wp\/v2\/posts\/392","targetHints":{"allow":["GET"]}}],"collection":[{"href":"https:\/\/laestaciononline.com.ar\/index.php?rest_route=\/wp\/v2\/posts"}],"about":[{"href":"https:\/\/laestaciononline.com.ar\/index.php?rest_route=\/wp\/v2\/types\/post"}],"author":[{"embeddable":true,"href":"https:\/\/laestaciononline.com.ar\/index.php?rest_route=\/wp\/v2\/users\/1"}],"replies":[{"embeddable":true,"href":"https:\/\/laestaciononline.com.ar\/index.php?rest_route=%2Fwp%2Fv2%2Fcomments&post=392"}],"version-history":[{"count":1,"href":"https:\/\/laestaciononline.com.ar\/index.php?rest_route=\/wp\/v2\/posts\/392\/revisions"}],"predecessor-version":[{"id":393,"href":"https:\/\/laestaciononline.com.ar\/index.php?rest_route=\/wp\/v2\/posts\/392\/revisions\/393"}],"wp:featuredmedia":[{"embeddable":true,"href":"https:\/\/laestaciononline.com.ar\/index.php?rest_route=\/wp\/v2\/media\/394"}],"wp:attachment":[{"href":"https:\/\/laestaciononline.com.ar\/index.php?rest_route=%2Fwp%2Fv2%2Fmedia&parent=392"}],"wp:term":[{"taxonomy":"category","embeddable":true,"href":"https:\/\/laestaciononline.com.ar\/index.php?rest_route=%2Fwp%2Fv2%2Fcategories&post=392"},{"taxonomy":"post_tag","embeddable":true,"href":"https:\/\/laestaciononline.com.ar\/index.php?rest_route=%2Fwp%2Fv2%2Ftags&post=392"}],"curies":[{"name":"wp","href":"https:\/\/api.w.org\/{rel}","templated":true}]}}