{"id":3958,"date":"2026-03-11T18:59:12","date_gmt":"2026-03-11T18:59:12","guid":{"rendered":"https:\/\/laestaciononline.com.ar\/?p=3958"},"modified":"2026-03-11T19:00:40","modified_gmt":"2026-03-11T19:00:40","slug":"empleados-de-comercio-negocian-un-nuevo-aumento-salarial-y-definen-que-pasara-con-el-bono-de-100-000","status":"publish","type":"post","link":"https:\/\/laestaciononline.com.ar\/?p=3958","title":{"rendered":"Empleados de comercio negocian un nuevo aumento salarial y definen qu\u00e9 pasar\u00e1 con el bono de $100.000"},"content":{"rendered":"\n<p>Los empleados de comercio iniciaron una nueva etapa de negociaci\u00f3n salarial con las c\u00e1maras empresarias del sector, en el marco de la revisi\u00f3n paritaria prevista para marzo. En esta instancia, el sindicato busca acordar un incremento que permita compensar la inflaci\u00f3n y mantener el poder adquisitivo de los trabajadores.<\/p>\n\n\n\n<p>Uno de los puntos centrales del debate es el futuro del bono mensual de $100.000 que los trabajadores vienen cobrando como suma no remunerativa. Ese monto est\u00e1 compuesto por dos adicionales: uno de $40.000 que ya se pagaba desde meses anteriores y otro de $60.000 acordado a fines de 2025.<\/p>\n\n\n\n<p>El esquema actual establece que estos $100.000 se pagar\u00e1n hasta marzo. A partir de abril, el dinero dejar\u00e1 de figurar como bono separado y pasar\u00e1 a integrarse al salario b\u00e1sico de cada categor\u00eda. Este cambio implicar\u00e1 que el monto comience a impactar en otros conceptos del sueldo, como antig\u00fcedad, presentismo, aguinaldo e indemnizaciones.<\/p>\n\n\n\n<p>Sin embargo, la incorporaci\u00f3n al b\u00e1sico tambi\u00e9n puede generar mayores descuentos por aportes y contribuciones. Por eso, el gremio busca que el nuevo acuerdo incluya un aumento adicional que evite que los trabajadores vean reducido su salario de bolsillo.<\/p>\n\n\n\n<p>La negociaci\u00f3n se da en un contexto marcado por la evoluci\u00f3n de la inflaci\u00f3n y el consumo, variables clave que tanto el sindicato como las empresas analizan antes de definir el pr\u00f3ximo ajuste salarial para el sector mercantil.<\/p>\n","protected":false},"excerpt":{"rendered":"<p>Los empleados de comercio iniciaron una nueva etapa de negociaci\u00f3n salarial con las c\u00e1maras empresarias del sector, en el marco de la revisi\u00f3n paritaria prevista para marzo. En esta instancia, el sindicato busca acordar un incremento que permita compensar la inflaci\u00f3n y mantener el poder adquisitivo de los trabajadores. Uno de los puntos centrales del [&hellip;]<\/p>\n","protected":false},"author":1,"featured_media":3960,"comment_status":"open","ping_status":"open","sticky":false,"template":"","format":"standard","meta":{"footnotes":""},"categories":[1],"tags":[],"class_list":["post-3958","post","type-post","status-publish","format-standard","has-post-thumbnail","hentry","category-politica"],"_links":{"self":[{"href":"https:\/\/laestaciononline.com.ar\/index.php?rest_route=\/wp\/v2\/posts\/3958","targetHints":{"allow":["GET"]}}],"collection":[{"href":"https:\/\/laestaciononline.com.ar\/index.php?rest_route=\/wp\/v2\/posts"}],"about":[{"href":"https:\/\/laestaciononline.com.ar\/index.php?rest_route=\/wp\/v2\/types\/post"}],"author":[{"embeddable":true,"href":"https:\/\/laestaciononline.com.ar\/index.php?rest_route=\/wp\/v2\/users\/1"}],"replies":[{"embeddable":true,"href":"https:\/\/laestaciononline.com.ar\/index.php?rest_route=%2Fwp%2Fv2%2Fcomments&post=3958"}],"version-history":[{"count":1,"href":"https:\/\/laestaciononline.com.ar\/index.php?rest_route=\/wp\/v2\/posts\/3958\/revisions"}],"predecessor-version":[{"id":3959,"href":"https:\/\/laestaciononline.com.ar\/index.php?rest_route=\/wp\/v2\/posts\/3958\/revisions\/3959"}],"wp:featuredmedia":[{"embeddable":true,"href":"https:\/\/laestaciononline.com.ar\/index.php?rest_route=\/wp\/v2\/media\/3960"}],"wp:attachment":[{"href":"https:\/\/laestaciononline.com.ar\/index.php?rest_route=%2Fwp%2Fv2%2Fmedia&parent=3958"}],"wp:term":[{"taxonomy":"category","embeddable":true,"href":"https:\/\/laestaciononline.com.ar\/index.php?rest_route=%2Fwp%2Fv2%2Fcategories&post=3958"},{"taxonomy":"post_tag","embeddable":true,"href":"https:\/\/laestaciononline.com.ar\/index.php?rest_route=%2Fwp%2Fv2%2Ftags&post=3958"}],"curies":[{"name":"wp","href":"https:\/\/api.w.org\/{rel}","templated":true}]}}