{"id":3961,"date":"2026-03-12T12:29:30","date_gmt":"2026-03-12T12:29:30","guid":{"rendered":"https:\/\/laestaciononline.com.ar\/?p=3961"},"modified":"2026-03-12T12:31:15","modified_gmt":"2026-03-12T12:31:15","slug":"crece-la-polemica-por-la-presencia-de-la-esposa-de-manuel-adorni-en-un-viaje-oficial","status":"publish","type":"post","link":"https:\/\/laestaciononline.com.ar\/?p=3961","title":{"rendered":"Crece la pol\u00e9mica por la presencia de la esposa de Manuel Adorni en un viaje oficial"},"content":{"rendered":"\n<p>La decisi\u00f3n del vocero presidencial y jefe de Gabinete, Manuel Adorni, de permitir que su esposa integrara la comitiva oficial que viaj\u00f3 a Estados Unidos junto al presidente Javier Milei desat\u00f3 una fuerte pol\u00e9mica pol\u00edtica y gener\u00f3 cr\u00edticas desde distintos sectores del Congreso.<\/p>\n\n\n\n<p>El episodio se conoci\u00f3 luego de que trascendiera que la pareja del funcionario form\u00f3 parte del vuelo oficial que traslad\u00f3 a la delegaci\u00f3n argentina a Nueva York, donde el mandatario particip\u00f3 de una serie de actividades vinculadas a la promoci\u00f3n econ\u00f3mica del pa\u00eds. La informaci\u00f3n provoc\u00f3 cuestionamientos inmediatos desde la oposici\u00f3n, que reclam\u00f3 explicaciones sobre <strong>qui\u00e9n autoriz\u00f3 el viaje y bajo qu\u00e9 figura particip\u00f3 la esposa del funcionario<\/strong>.<\/p>\n\n\n\n<p>Distintos dirigentes se\u00f1alaron que la situaci\u00f3n <strong>contradice el discurso de austeridad<\/strong> que el propio Gobierno sostiene desde su llegada al poder. Legisladores de varios bloques anunciaron pedidos de informes para determinar si hubo utilizaci\u00f3n de recursos p\u00fablicos y si la presencia de familiares en una misi\u00f3n oficial se ajusta a las normas vigentes.<\/p>\n\n\n\n<p>\u201cEl Gobierno habla de terminar con los privilegios de la pol\u00edtica, pero despu\u00e9s ocurren estas situaciones que generan muchas dudas\u201d, se\u00f1alaron desde sectores opositores que ya eval\u00faan impulsar iniciativas parlamentarias para que el Ejecutivo d\u00e9 explicaciones formales.<\/p>\n\n\n\n<p>Desde el entorno del funcionario buscaron bajarle el tono a la pol\u00e9mica y aseguraron que <strong>no existi\u00f3 gasto adicional para el Estado<\/strong>, ya que \u2014seg\u00fan indicaron\u2014 el viaje de la esposa estaba previsto de manera privada y su presencia en el avi\u00f3n presidencial respondi\u00f3 a cuestiones log\u00edsticas de \u00faltimo momento.<\/p>\n\n\n\n<p>Sin embargo, las explicaciones no lograron desactivar el debate. En redes sociales y en el \u00e1mbito pol\u00edtico, el episodio volvi\u00f3 a poner sobre la mesa la discusi\u00f3n sobre <strong>los l\u00edmites entre la vida privada de los funcionarios y el uso de recursos del Estado<\/strong>, en un contexto de fuerte ajuste econ\u00f3mico impulsado por el Gobierno.<\/p>\n\n\n\n<p>Mientras tanto, en el Congreso ya anticipan que el tema podr\u00eda escalar en los pr\u00f3ximos d\u00edas, con pedidos de informes y posibles citaciones para aclarar lo ocurrido.<\/p>\n","protected":false},"excerpt":{"rendered":"<p>La decisi\u00f3n del vocero presidencial y jefe de Gabinete, Manuel Adorni, de permitir que su esposa integrara la comitiva oficial que viaj\u00f3 a Estados Unidos junto al presidente Javier Milei desat\u00f3 una fuerte pol\u00e9mica pol\u00edtica y gener\u00f3 cr\u00edticas desde distintos sectores del Congreso. El episodio se conoci\u00f3 luego de que trascendiera que la pareja del [&hellip;]<\/p>\n","protected":false},"author":1,"featured_media":3963,"comment_status":"open","ping_status":"open","sticky":false,"template":"","format":"standard","meta":{"footnotes":""},"categories":[1],"tags":[],"class_list":["post-3961","post","type-post","status-publish","format-standard","has-post-thumbnail","hentry","category-politica"],"_links":{"self":[{"href":"https:\/\/laestaciononline.com.ar\/index.php?rest_route=\/wp\/v2\/posts\/3961","targetHints":{"allow":["GET"]}}],"collection":[{"href":"https:\/\/laestaciononline.com.ar\/index.php?rest_route=\/wp\/v2\/posts"}],"about":[{"href":"https:\/\/laestaciononline.com.ar\/index.php?rest_route=\/wp\/v2\/types\/post"}],"author":[{"embeddable":true,"href":"https:\/\/laestaciononline.com.ar\/index.php?rest_route=\/wp\/v2\/users\/1"}],"replies":[{"embeddable":true,"href":"https:\/\/laestaciononline.com.ar\/index.php?rest_route=%2Fwp%2Fv2%2Fcomments&post=3961"}],"version-history":[{"count":1,"href":"https:\/\/laestaciononline.com.ar\/index.php?rest_route=\/wp\/v2\/posts\/3961\/revisions"}],"predecessor-version":[{"id":3962,"href":"https:\/\/laestaciononline.com.ar\/index.php?rest_route=\/wp\/v2\/posts\/3961\/revisions\/3962"}],"wp:featuredmedia":[{"embeddable":true,"href":"https:\/\/laestaciononline.com.ar\/index.php?rest_route=\/wp\/v2\/media\/3963"}],"wp:attachment":[{"href":"https:\/\/laestaciononline.com.ar\/index.php?rest_route=%2Fwp%2Fv2%2Fmedia&parent=3961"}],"wp:term":[{"taxonomy":"category","embeddable":true,"href":"https:\/\/laestaciononline.com.ar\/index.php?rest_route=%2Fwp%2Fv2%2Fcategories&post=3961"},{"taxonomy":"post_tag","embeddable":true,"href":"https:\/\/laestaciononline.com.ar\/index.php?rest_route=%2Fwp%2Fv2%2Ftags&post=3961"}],"curies":[{"name":"wp","href":"https:\/\/api.w.org\/{rel}","templated":true}]}}