{"id":3969,"date":"2026-03-13T00:51:23","date_gmt":"2026-03-13T00:51:23","guid":{"rendered":"https:\/\/laestaciononline.com.ar\/?p=3969"},"modified":"2026-03-13T00:52:35","modified_gmt":"2026-03-13T00:52:35","slug":"brown-realiza-una-jornada-de-salud-integral-para-las-mujeres-en-el-parque-ramon-carrillo","status":"publish","type":"post","link":"https:\/\/laestaciononline.com.ar\/?p=3969","title":{"rendered":"Brown realiza una jornada de salud integral para las mujeres en el Parque Ram\u00f3n Carrillo"},"content":{"rendered":"\n<p><\/p>\n\n\n\n<p>El Municipio de Almirante Brown llevar\u00e1 adelante la actividad \u201cMujeres que se cuidan, comunidades que florecen\u201d, una jornada de prevenci\u00f3n y promoci\u00f3n de la salud integral destinada a las mujeres del distrito, en el marco del Mes de la Mujer Trabajadora y de los 50 a\u00f1os de democracia.<\/p>\n\n\n\n<p>La propuesta tendr\u00e1 lugar el s\u00e1bado 14 de marzo a las 9 horas en el Parque Saludable Ram\u00f3n Carrillo, ubicado en Erezcano 1850, y contar\u00e1 con distintas actividades orientadas al bienestar f\u00edsico y emocional.<\/p>\n\n\n\n<p>En ese marco, Mariano Cascallares destac\u00f3 que \u201cseguimos impulsando espacios de encuentro y cuidado que fortalecen la prevenci\u00f3n y el acceso a la salud\u201d, al tiempo que valor\u00f3 que \u201cestas jornadas permiten acompa\u00f1ar a las mujeres de nuestro distrito con actividades que promueven el bienestar integral y la vida saludable\u201d.<\/p>\n\n\n\n<p>Durante la jornada se desarrollar\u00e1n talleres de yoga y meditaci\u00f3n, una correcaminata por el parque, juegos interactivos, testeos de salud, sorteos y premios, entre otras propuestas abiertas a la comunidad.<\/p>\n\n\n\n<p>La actividad es organizada por el Municipio de Almirante Brown a trav\u00e9s de la Secretar\u00eda de Salud, con la participaci\u00f3n del Hospital Lucio Mel\u00e9ndez y el Hospital Dr. Arturo O\u00f1ativia, en el marco de un abanico de propuestas impulsadas por el Mes de la Mujer.<\/p>\n","protected":false},"excerpt":{"rendered":"<p>El Municipio de Almirante Brown llevar\u00e1 adelante la actividad \u201cMujeres que se cuidan, comunidades que florecen\u201d, una jornada de prevenci\u00f3n y promoci\u00f3n de la salud integral destinada a las mujeres del distrito, en el marco del Mes de la Mujer Trabajadora y de los 50 a\u00f1os de democracia. La propuesta tendr\u00e1 lugar el s\u00e1bado 14 [&hellip;]<\/p>\n","protected":false},"author":1,"featured_media":3971,"comment_status":"open","ping_status":"open","sticky":false,"template":"","format":"standard","meta":{"footnotes":""},"categories":[1],"tags":[],"class_list":["post-3969","post","type-post","status-publish","format-standard","has-post-thumbnail","hentry","category-politica"],"_links":{"self":[{"href":"https:\/\/laestaciononline.com.ar\/index.php?rest_route=\/wp\/v2\/posts\/3969","targetHints":{"allow":["GET"]}}],"collection":[{"href":"https:\/\/laestaciononline.com.ar\/index.php?rest_route=\/wp\/v2\/posts"}],"about":[{"href":"https:\/\/laestaciononline.com.ar\/index.php?rest_route=\/wp\/v2\/types\/post"}],"author":[{"embeddable":true,"href":"https:\/\/laestaciononline.com.ar\/index.php?rest_route=\/wp\/v2\/users\/1"}],"replies":[{"embeddable":true,"href":"https:\/\/laestaciononline.com.ar\/index.php?rest_route=%2Fwp%2Fv2%2Fcomments&post=3969"}],"version-history":[{"count":1,"href":"https:\/\/laestaciononline.com.ar\/index.php?rest_route=\/wp\/v2\/posts\/3969\/revisions"}],"predecessor-version":[{"id":3970,"href":"https:\/\/laestaciononline.com.ar\/index.php?rest_route=\/wp\/v2\/posts\/3969\/revisions\/3970"}],"wp:featuredmedia":[{"embeddable":true,"href":"https:\/\/laestaciononline.com.ar\/index.php?rest_route=\/wp\/v2\/media\/3971"}],"wp:attachment":[{"href":"https:\/\/laestaciononline.com.ar\/index.php?rest_route=%2Fwp%2Fv2%2Fmedia&parent=3969"}],"wp:term":[{"taxonomy":"category","embeddable":true,"href":"https:\/\/laestaciononline.com.ar\/index.php?rest_route=%2Fwp%2Fv2%2Fcategories&post=3969"},{"taxonomy":"post_tag","embeddable":true,"href":"https:\/\/laestaciononline.com.ar\/index.php?rest_route=%2Fwp%2Fv2%2Ftags&post=3969"}],"curies":[{"name":"wp","href":"https:\/\/api.w.org\/{rel}","templated":true}]}}