{"id":3975,"date":"2026-03-14T12:24:38","date_gmt":"2026-03-14T12:24:38","guid":{"rendered":"https:\/\/laestaciononline.com.ar\/?p=3975"},"modified":"2026-03-14T12:26:23","modified_gmt":"2026-03-14T12:26:23","slug":"san-francisco-solano-celebra-su-77-aniversario-con-musica-feria-y-propuestas-culturales","status":"publish","type":"post","link":"https:\/\/laestaciononline.com.ar\/?p=3975","title":{"rendered":"San Francisco Solano celebra su 77\u00b0 aniversario con m\u00fasica, feria y propuestas culturales"},"content":{"rendered":"\n<p><\/p>\n\n\n\n<p>El Municipio de Almirante Brown invita a la comunidad a celebrar el 77\u00b0 aniversario de San Francisco Solano con tres jornadas colmadas de m\u00fasica, feria de emprendedores y propuestas gastron\u00f3micas en la Plaza 13 de Julio.<\/p>\n\n\n\n<p>Los festejos se llevar\u00e1n adelante el viernes 13, s\u00e1bado 14 y domingo 15 de marzo, con actividades abiertas a toda la comunidad en el espacio p\u00fablico ubicado en Margarita entre Rosa y Nardo.<\/p>\n\n\n\n<p>La celebraci\u00f3n comenzar\u00e1 el viernes 13 a las 16 horas con el tradicional acto institucional. Luego, durante todo el fin de semana, vecinas y vecinos podr\u00e1n disfrutar de la feria de artesanos y emprendedores, propuestas gastron\u00f3micas y numerosos shows musicales.<\/p>\n\n\n\n<p>Durante cada jornada habr\u00e1 un estilo musical diferente para que el p\u00fablico pueda disfrutar de distintos g\u00e9neros: viernes de cumbia, s\u00e1bado de rock y domingo de folclore.<\/p>\n\n\n\n<p>La programaci\u00f3n art\u00edstica incluir\u00e1 la presentaci\u00f3n de numerosos m\u00fasicos y ballets locales. El viernes, desde las 19 horas, subir\u00e1n al escenario La San Cayetano, El Bombazo, Amantes de Ocasi\u00f3n, Malafamero, Ukeleleando y La Pande Band.<\/p>\n\n\n\n<p>El s\u00e1bado, la propuesta estar\u00e1 dedicada al rock con shows de La Baluarte, Chakis, Circo Calavera y Spirulina 600 MG, entre otras bandas.<\/p>\n\n\n\n<p>En tanto el domingo, el cierre de los festejos estar\u00e1 marcado por la m\u00fasica y la danza tradicional con la participaci\u00f3n de Grupo Ra\u00edces, Tr\u00edo San Francisco, Trashumante, Naypafolk, Luz del Amanecer y Los M\u00e9ndez, adem\u00e1s de la presentaci\u00f3n de ballets folkl\u00f3ricos invitados.<\/p>\n\n\n\n<p>Mariano Cascallares invit\u00f3 a la comunidad a participar de los festejos: \u201cCelebramos un nuevo aniversario de la querida localidad de San Francisco Solano con propuestas culturales, art\u00edsticas y recreativas pensadas para compartir en familia y con amigos. Invitamos a todos nuestros vecinos a sumarse a esta gran celebraci\u00f3n\u201d.<\/p>\n","protected":false},"excerpt":{"rendered":"<p>El Municipio de Almirante Brown invita a la comunidad a celebrar el 77\u00b0 aniversario de San Francisco Solano con tres jornadas colmadas de m\u00fasica, feria de emprendedores y propuestas gastron\u00f3micas en la Plaza 13 de Julio. Los festejos se llevar\u00e1n adelante el viernes 13, s\u00e1bado 14 y domingo 15 de marzo, con actividades abiertas a [&hellip;]<\/p>\n","protected":false},"author":1,"featured_media":3977,"comment_status":"open","ping_status":"open","sticky":false,"template":"","format":"standard","meta":{"footnotes":""},"categories":[1],"tags":[],"class_list":["post-3975","post","type-post","status-publish","format-standard","has-post-thumbnail","hentry","category-politica"],"_links":{"self":[{"href":"https:\/\/laestaciononline.com.ar\/index.php?rest_route=\/wp\/v2\/posts\/3975","targetHints":{"allow":["GET"]}}],"collection":[{"href":"https:\/\/laestaciononline.com.ar\/index.php?rest_route=\/wp\/v2\/posts"}],"about":[{"href":"https:\/\/laestaciononline.com.ar\/index.php?rest_route=\/wp\/v2\/types\/post"}],"author":[{"embeddable":true,"href":"https:\/\/laestaciononline.com.ar\/index.php?rest_route=\/wp\/v2\/users\/1"}],"replies":[{"embeddable":true,"href":"https:\/\/laestaciononline.com.ar\/index.php?rest_route=%2Fwp%2Fv2%2Fcomments&post=3975"}],"version-history":[{"count":1,"href":"https:\/\/laestaciononline.com.ar\/index.php?rest_route=\/wp\/v2\/posts\/3975\/revisions"}],"predecessor-version":[{"id":3976,"href":"https:\/\/laestaciononline.com.ar\/index.php?rest_route=\/wp\/v2\/posts\/3975\/revisions\/3976"}],"wp:featuredmedia":[{"embeddable":true,"href":"https:\/\/laestaciononline.com.ar\/index.php?rest_route=\/wp\/v2\/media\/3977"}],"wp:attachment":[{"href":"https:\/\/laestaciononline.com.ar\/index.php?rest_route=%2Fwp%2Fv2%2Fmedia&parent=3975"}],"wp:term":[{"taxonomy":"category","embeddable":true,"href":"https:\/\/laestaciononline.com.ar\/index.php?rest_route=%2Fwp%2Fv2%2Fcategories&post=3975"},{"taxonomy":"post_tag","embeddable":true,"href":"https:\/\/laestaciononline.com.ar\/index.php?rest_route=%2Fwp%2Fv2%2Ftags&post=3975"}],"curies":[{"name":"wp","href":"https:\/\/api.w.org\/{rel}","templated":true}]}}