{"id":3978,"date":"2026-03-14T12:29:27","date_gmt":"2026-03-14T12:29:27","guid":{"rendered":"https:\/\/laestaciononline.com.ar\/?p=3978"},"modified":"2026-03-14T12:29:27","modified_gmt":"2026-03-14T12:29:27","slug":"la-industria-atraviesa-un-fuerte-retroceso-y-registra-el-peor-comienzo-de-ano-desde-la-crisis-de-2002","status":"publish","type":"post","link":"https:\/\/laestaciononline.com.ar\/?p=3978","title":{"rendered":"La industria atraviesa un fuerte retroceso y registra el peor comienzo de a\u00f1o desde la crisis de 2002"},"content":{"rendered":"\n<p>La actividad industrial argentina atraviesa un momento complicado y comenz\u00f3 el a\u00f1o con niveles de producci\u00f3n que no se ve\u00edan desde la crisis econ\u00f3mica de 2002. Los indicadores muestran que el sector manufacturero contin\u00faa en retroceso y que la recuperaci\u00f3n todav\u00eda no aparece con claridad.<\/p>\n\n\n\n<p>De acuerdo con distintos relevamientos econ\u00f3micos, la industria acumul\u00f3 en el \u00faltimo a\u00f1o una fuerte ca\u00edda en su actividad, afectada principalmente por la disminuci\u00f3n del consumo interno, la baja en la demanda de insumos para la construcci\u00f3n y las dificultades que enfrentaron muchas empresas para importar materias primas e insumos necesarios para producir.<\/p>\n\n\n\n<p>El retroceso fue generalizado y alcanz\u00f3 a varios rubros industriales. En muchos casos, las f\u00e1bricas debieron reducir turnos de producci\u00f3n, suspender personal o trabajar con niveles m\u00e1s bajos de capacidad instalada, lo que impacta directamente en el empleo y en la actividad econ\u00f3mica de distintas regiones del pa\u00eds.<\/p>\n\n\n\n<p>Los datos oficiales indican que durante el \u00faltimo a\u00f1o la producci\u00f3n industrial registr\u00f3 una ca\u00edda cercana al 9,4%, uno de los descensos m\u00e1s fuertes en m\u00e1s de dos d\u00e9cadas. Este resultado coloca al sector en su peor desempe\u00f1o desde la crisis de 2002, cuando la econom\u00eda argentina atraves\u00f3 uno de los momentos m\u00e1s cr\u00edticos de su historia reciente.<\/p>\n\n\n\n<p>Si bien algunos indicadores mostraron peque\u00f1as mejoras en determinados meses, los especialistas se\u00f1alan que todav\u00eda se trata de una recuperaci\u00f3n muy limitada y que el sector industrial sigue lejos de los niveles de actividad que ten\u00eda en a\u00f1os anteriores.<\/p>\n\n\n\n<p>En este contexto, empresarios y analistas advierten que el desaf\u00edo ser\u00e1 lograr una recuperaci\u00f3n sostenida de la producci\u00f3n, algo que depender\u00e1 en gran medida de la evoluci\u00f3n del consumo interno, la inversi\u00f3n y las condiciones econ\u00f3micas generales del pa\u00eds.<\/p>\n","protected":false},"excerpt":{"rendered":"<p>La actividad industrial argentina atraviesa un momento complicado y comenz\u00f3 el a\u00f1o con niveles de producci\u00f3n que no se ve\u00edan desde la crisis econ\u00f3mica de 2002. Los indicadores muestran que el sector manufacturero contin\u00faa en retroceso y que la recuperaci\u00f3n todav\u00eda no aparece con claridad. De acuerdo con distintos relevamientos econ\u00f3micos, la industria acumul\u00f3 en [&hellip;]<\/p>\n","protected":false},"author":1,"featured_media":3979,"comment_status":"open","ping_status":"open","sticky":false,"template":"","format":"standard","meta":{"footnotes":""},"categories":[1],"tags":[],"class_list":["post-3978","post","type-post","status-publish","format-standard","has-post-thumbnail","hentry","category-politica"],"_links":{"self":[{"href":"https:\/\/laestaciononline.com.ar\/index.php?rest_route=\/wp\/v2\/posts\/3978","targetHints":{"allow":["GET"]}}],"collection":[{"href":"https:\/\/laestaciononline.com.ar\/index.php?rest_route=\/wp\/v2\/posts"}],"about":[{"href":"https:\/\/laestaciononline.com.ar\/index.php?rest_route=\/wp\/v2\/types\/post"}],"author":[{"embeddable":true,"href":"https:\/\/laestaciononline.com.ar\/index.php?rest_route=\/wp\/v2\/users\/1"}],"replies":[{"embeddable":true,"href":"https:\/\/laestaciononline.com.ar\/index.php?rest_route=%2Fwp%2Fv2%2Fcomments&post=3978"}],"version-history":[{"count":1,"href":"https:\/\/laestaciononline.com.ar\/index.php?rest_route=\/wp\/v2\/posts\/3978\/revisions"}],"predecessor-version":[{"id":3980,"href":"https:\/\/laestaciononline.com.ar\/index.php?rest_route=\/wp\/v2\/posts\/3978\/revisions\/3980"}],"wp:featuredmedia":[{"embeddable":true,"href":"https:\/\/laestaciononline.com.ar\/index.php?rest_route=\/wp\/v2\/media\/3979"}],"wp:attachment":[{"href":"https:\/\/laestaciononline.com.ar\/index.php?rest_route=%2Fwp%2Fv2%2Fmedia&parent=3978"}],"wp:term":[{"taxonomy":"category","embeddable":true,"href":"https:\/\/laestaciononline.com.ar\/index.php?rest_route=%2Fwp%2Fv2%2Fcategories&post=3978"},{"taxonomy":"post_tag","embeddable":true,"href":"https:\/\/laestaciononline.com.ar\/index.php?rest_route=%2Fwp%2Fv2%2Ftags&post=3978"}],"curies":[{"name":"wp","href":"https:\/\/api.w.org\/{rel}","templated":true}]}}