{"id":3999,"date":"2026-03-16T21:27:06","date_gmt":"2026-03-16T21:27:06","guid":{"rendered":"https:\/\/laestaciononline.com.ar\/?p=3999"},"modified":"2026-03-16T21:27:35","modified_gmt":"2026-03-16T21:27:35","slug":"condenan-a-mas-de-23-anos-de-prision-al-joven-responsable-del-asesinato-de-kim-gomez","status":"publish","type":"post","link":"https:\/\/laestaciononline.com.ar\/?p=3999","title":{"rendered":"Condenan a m\u00e1s de 23 a\u00f1os de prisi\u00f3n al joven responsable del asesinato de Kim G\u00f3mez"},"content":{"rendered":"\n<p>La Justicia dict\u00f3 sentencia en uno de los casos que m\u00e1s conmoci\u00f3n gener\u00f3 en la ciudad de La Plata en los \u00faltimos a\u00f1os. El Tribunal de Responsabilidad Penal Juvenil N.\u00ba 1 conden\u00f3 a <strong>23 a\u00f1os y cuatro meses de prisi\u00f3n<\/strong> al adolescente acusado de matar a <strong>Kim G\u00f3mez<\/strong>, la ni\u00f1a de 7 a\u00f1os que muri\u00f3 durante un violento robo.<\/p>\n\n\n\n<p>El acusado, que actualmente tiene 18 a\u00f1os, fue juzgado bajo el r\u00e9gimen penal juvenil porque <strong>ten\u00eda 17 al momento del hecho<\/strong>. Los jueces lo consideraron responsable del delito de <strong>homicidio en ocasi\u00f3n de robo<\/strong>, una de las figuras penales m\u00e1s graves dentro de ese tipo de delitos.<\/p>\n\n\n\n<p>El crimen ocurri\u00f3 el <strong>25 de febrero de 2025<\/strong> en la localidad bonaerense de Altos de San Lorenzo. Seg\u00fan la reconstrucci\u00f3n judicial, la ni\u00f1a estaba junto a su madre dentro de un auto cuando delincuentes intentaron robar el veh\u00edculo. Durante el hecho, la menor qued\u00f3 atrapada y fue <strong>arrastrada varias cuadras<\/strong>, lo que provoc\u00f3 su muerte.<\/p>\n\n\n\n<p>En el juicio, la fiscal\u00eda hab\u00eda solicitado una pena de <strong>23 a\u00f1os y cuatro meses de prisi\u00f3n<\/strong>, que finalmente fue la sanci\u00f3n impuesta por el tribunal. La defensa, en cambio, hab\u00eda pedido una condena menor al sostener que se trat\u00f3 de un homicidio culposo.<\/p>\n\n\n\n<p>El caso gener\u00f3 un fuerte impacto social y reaviv\u00f3 el debate p\u00fablico sobre la <strong>responsabilidad penal juvenil en Argentina<\/strong>, debido a que el principal acusado era menor de edad cuando ocurri\u00f3 el crimen.<\/p>\n","protected":false},"excerpt":{"rendered":"<p>La Justicia dict\u00f3 sentencia en uno de los casos que m\u00e1s conmoci\u00f3n gener\u00f3 en la ciudad de La Plata en los \u00faltimos a\u00f1os. El Tribunal de Responsabilidad Penal Juvenil N.\u00ba 1 conden\u00f3 a 23 a\u00f1os y cuatro meses de prisi\u00f3n al adolescente acusado de matar a Kim G\u00f3mez, la ni\u00f1a de 7 a\u00f1os que muri\u00f3 [&hellip;]<\/p>\n","protected":false},"author":1,"featured_media":4001,"comment_status":"open","ping_status":"open","sticky":false,"template":"","format":"standard","meta":{"footnotes":""},"categories":[1],"tags":[],"class_list":["post-3999","post","type-post","status-publish","format-standard","has-post-thumbnail","hentry","category-politica"],"_links":{"self":[{"href":"https:\/\/laestaciononline.com.ar\/index.php?rest_route=\/wp\/v2\/posts\/3999","targetHints":{"allow":["GET"]}}],"collection":[{"href":"https:\/\/laestaciononline.com.ar\/index.php?rest_route=\/wp\/v2\/posts"}],"about":[{"href":"https:\/\/laestaciononline.com.ar\/index.php?rest_route=\/wp\/v2\/types\/post"}],"author":[{"embeddable":true,"href":"https:\/\/laestaciononline.com.ar\/index.php?rest_route=\/wp\/v2\/users\/1"}],"replies":[{"embeddable":true,"href":"https:\/\/laestaciononline.com.ar\/index.php?rest_route=%2Fwp%2Fv2%2Fcomments&post=3999"}],"version-history":[{"count":1,"href":"https:\/\/laestaciononline.com.ar\/index.php?rest_route=\/wp\/v2\/posts\/3999\/revisions"}],"predecessor-version":[{"id":4000,"href":"https:\/\/laestaciononline.com.ar\/index.php?rest_route=\/wp\/v2\/posts\/3999\/revisions\/4000"}],"wp:featuredmedia":[{"embeddable":true,"href":"https:\/\/laestaciononline.com.ar\/index.php?rest_route=\/wp\/v2\/media\/4001"}],"wp:attachment":[{"href":"https:\/\/laestaciononline.com.ar\/index.php?rest_route=%2Fwp%2Fv2%2Fmedia&parent=3999"}],"wp:term":[{"taxonomy":"category","embeddable":true,"href":"https:\/\/laestaciononline.com.ar\/index.php?rest_route=%2Fwp%2Fv2%2Fcategories&post=3999"},{"taxonomy":"post_tag","embeddable":true,"href":"https:\/\/laestaciononline.com.ar\/index.php?rest_route=%2Fwp%2Fv2%2Ftags&post=3999"}],"curies":[{"name":"wp","href":"https:\/\/api.w.org\/{rel}","templated":true}]}}