{"id":4292,"date":"2026-04-27T00:07:23","date_gmt":"2026-04-27T00:07:23","guid":{"rendered":"https:\/\/laestaciononline.com.ar\/?p=4292"},"modified":"2026-04-27T00:07:34","modified_gmt":"2026-04-27T00:07:34","slug":"fuerte-irrupcion-de-aire-polar-llegan-las-primeras-heladas-y-un-marcado-descenso-termico-al-amba","status":"publish","type":"post","link":"https:\/\/laestaciononline.com.ar\/?p=4292","title":{"rendered":"Fuerte irrupci\u00f3n de aire polar: llegan las primeras heladas y un marcado descenso t\u00e9rmico al AMBA"},"content":{"rendered":"\n<p><\/p>\n\n\n\n<p>El oto\u00f1o empieza a hacerse sentir con fuerza en el \u00c1rea Metropolitana de Buenos Aires. Tras varios d\u00edas con temperaturas templadas, un frente de aire polar avanza sobre la regi\u00f3n y provocar\u00e1 un brusco cambio en las condiciones clim\u00e1ticas.<\/p>\n\n\n\n<p>Seg\u00fan el Servicio Meteorol\u00f3gico Nacional, el ingreso de este sistema fr\u00edo comenzar\u00e1 a notarse desde la noche del domingo, impulsado por intensos vientos del sector sur. Este fen\u00f3meno dar\u00e1 lugar a un descenso significativo de las temperaturas, acompa\u00f1ado por r\u00e1fagas que podr\u00edan alcanzar velocidades cercanas a los 90 km\/h.<\/p>\n\n\n\n<p>El inicio de la semana estar\u00e1 marcado por ma\u00f1anas muy fr\u00edas. Para el lunes se esperan m\u00ednimas que podr\u00edan ubicarse cerca de los 2 grados en zonas del conurbano bonaerense, mientras que en la Ciudad de Buenos Aires los valores ser\u00edan apenas superiores.<\/p>\n\n\n\n<p>Adem\u00e1s del fr\u00edo, el viento ser\u00e1 uno de los protagonistas. Las r\u00e1fagas intensas no solo reforzar\u00e1n la baja sensaci\u00f3n t\u00e9rmica, sino que tambi\u00e9n podr\u00edan generar complicaciones, como ca\u00edda de ramas o desplazamiento de objetos en la v\u00eda p\u00fablica.<\/p>\n\n\n\n<p>Este episodio representa el primer ingreso de aire fr\u00edo importante del a\u00f1o y marcar\u00e1 un quiebre respecto a las condiciones m\u00e1s c\u00e1lidas que predominaron durante abril.<\/p>\n\n\n\n<p>Si bien el fen\u00f3meno ser\u00e1 intenso, no se espera que se extienda por muchos d\u00edas. Con el correr de la semana, las temperaturas comenzar\u00edan a recuperarse gradualmente, aunque el ambiente se mantendr\u00e1 fresco y m\u00e1s acorde a la \u00e9poca.<\/p>\n","protected":false},"excerpt":{"rendered":"<p>El oto\u00f1o empieza a hacerse sentir con fuerza en el \u00c1rea Metropolitana de Buenos Aires. Tras varios d\u00edas con temperaturas templadas, un frente de aire polar avanza sobre la regi\u00f3n y provocar\u00e1 un brusco cambio en las condiciones clim\u00e1ticas. Seg\u00fan el Servicio Meteorol\u00f3gico Nacional, el ingreso de este sistema fr\u00edo comenzar\u00e1 a notarse desde la [&hellip;]<\/p>\n","protected":false},"author":1,"featured_media":1603,"comment_status":"open","ping_status":"open","sticky":false,"template":"","format":"standard","meta":{"footnotes":""},"categories":[1],"tags":[],"class_list":["post-4292","post","type-post","status-publish","format-standard","has-post-thumbnail","hentry","category-politica"],"_links":{"self":[{"href":"https:\/\/laestaciononline.com.ar\/index.php?rest_route=\/wp\/v2\/posts\/4292","targetHints":{"allow":["GET"]}}],"collection":[{"href":"https:\/\/laestaciononline.com.ar\/index.php?rest_route=\/wp\/v2\/posts"}],"about":[{"href":"https:\/\/laestaciononline.com.ar\/index.php?rest_route=\/wp\/v2\/types\/post"}],"author":[{"embeddable":true,"href":"https:\/\/laestaciononline.com.ar\/index.php?rest_route=\/wp\/v2\/users\/1"}],"replies":[{"embeddable":true,"href":"https:\/\/laestaciononline.com.ar\/index.php?rest_route=%2Fwp%2Fv2%2Fcomments&post=4292"}],"version-history":[{"count":1,"href":"https:\/\/laestaciononline.com.ar\/index.php?rest_route=\/wp\/v2\/posts\/4292\/revisions"}],"predecessor-version":[{"id":4293,"href":"https:\/\/laestaciononline.com.ar\/index.php?rest_route=\/wp\/v2\/posts\/4292\/revisions\/4293"}],"wp:featuredmedia":[{"embeddable":true,"href":"https:\/\/laestaciononline.com.ar\/index.php?rest_route=\/wp\/v2\/media\/1603"}],"wp:attachment":[{"href":"https:\/\/laestaciononline.com.ar\/index.php?rest_route=%2Fwp%2Fv2%2Fmedia&parent=4292"}],"wp:term":[{"taxonomy":"category","embeddable":true,"href":"https:\/\/laestaciononline.com.ar\/index.php?rest_route=%2Fwp%2Fv2%2Fcategories&post=4292"},{"taxonomy":"post_tag","embeddable":true,"href":"https:\/\/laestaciononline.com.ar\/index.php?rest_route=%2Fwp%2Fv2%2Ftags&post=4292"}],"curies":[{"name":"wp","href":"https:\/\/api.w.org\/{rel}","templated":true}]}}