{"id":4304,"date":"2026-04-27T17:11:53","date_gmt":"2026-04-27T17:11:53","guid":{"rendered":"https:\/\/laestaciononline.com.ar\/?p=4304"},"modified":"2026-04-27T17:13:50","modified_gmt":"2026-04-27T17:13:50","slug":"vecinos-organizan-un-apagon-en-lomas-para-reclamar-mayor-seguridad","status":"publish","type":"post","link":"https:\/\/laestaciononline.com.ar\/?p=4304","title":{"rendered":"Vecinos organizan un \u201capag\u00f3n\u201d en Lomas para reclamar mayor seguridad"},"content":{"rendered":"\n<p><\/p>\n\n\n\n<p><br>En medio de una creciente preocupaci\u00f3n por los hechos delictivos, vecinos de Lomas de Zamora impulsan una medida simb\u00f3lica para visibilizar la problem\u00e1tica: convocaron a un \u201capag\u00f3n\u201d como forma de protesta y reclamo por m\u00e1s seguridad en el distrito.<\/p>\n\n\n\n<p>La iniciativa surge tras una seguidilla de episodios que generaron alarma en distintos barrios. La consigna consiste en apagar las luces de las viviendas durante un horario determinado, con el objetivo de expresar el malestar colectivo y exigir respuestas concretas de las autoridades.<\/p>\n\n\n\n<p>El reclamo se suma a otras manifestaciones recientes en la zona, donde residentes denuncian robos frecuentes, situaciones de violencia y una sensaci\u00f3n de inseguridad cada vez m\u00e1s extendida. En ese contexto, buscan que la protesta tenga impacto y logre mayor visibilidad p\u00fablica.<\/p>\n\n\n\n<p>Adem\u00e1s del apag\u00f3n, los vecinos reclaman mayor presencia policial, medidas de prevenci\u00f3n y acciones sostenidas que permitan mejorar la seguridad en el municipio. La convocatoria circula principalmente a trav\u00e9s de redes sociales y grupos vecinales, donde se multiplican los llamados a participar.<\/p>\n\n\n\n<p>La protesta refleja un clima de creciente tensi\u00f3n en la comunidad, donde distintos sectores coinciden en la necesidad de soluciones urgentes frente a una problem\u00e1tica que consideran cr\u00edtica.<\/p>\n","protected":false},"excerpt":{"rendered":"<p>En medio de una creciente preocupaci\u00f3n por los hechos delictivos, vecinos de Lomas de Zamora impulsan una medida simb\u00f3lica para visibilizar la problem\u00e1tica: convocaron a un \u201capag\u00f3n\u201d como forma de protesta y reclamo por m\u00e1s seguridad en el distrito. La iniciativa surge tras una seguidilla de episodios que generaron alarma en distintos barrios. La consigna [&hellip;]<\/p>\n","protected":false},"author":1,"featured_media":4306,"comment_status":"open","ping_status":"open","sticky":false,"template":"","format":"standard","meta":{"footnotes":""},"categories":[1],"tags":[],"class_list":["post-4304","post","type-post","status-publish","format-standard","has-post-thumbnail","hentry","category-politica"],"_links":{"self":[{"href":"https:\/\/laestaciononline.com.ar\/index.php?rest_route=\/wp\/v2\/posts\/4304","targetHints":{"allow":["GET"]}}],"collection":[{"href":"https:\/\/laestaciononline.com.ar\/index.php?rest_route=\/wp\/v2\/posts"}],"about":[{"href":"https:\/\/laestaciononline.com.ar\/index.php?rest_route=\/wp\/v2\/types\/post"}],"author":[{"embeddable":true,"href":"https:\/\/laestaciononline.com.ar\/index.php?rest_route=\/wp\/v2\/users\/1"}],"replies":[{"embeddable":true,"href":"https:\/\/laestaciononline.com.ar\/index.php?rest_route=%2Fwp%2Fv2%2Fcomments&post=4304"}],"version-history":[{"count":1,"href":"https:\/\/laestaciononline.com.ar\/index.php?rest_route=\/wp\/v2\/posts\/4304\/revisions"}],"predecessor-version":[{"id":4305,"href":"https:\/\/laestaciononline.com.ar\/index.php?rest_route=\/wp\/v2\/posts\/4304\/revisions\/4305"}],"wp:featuredmedia":[{"embeddable":true,"href":"https:\/\/laestaciononline.com.ar\/index.php?rest_route=\/wp\/v2\/media\/4306"}],"wp:attachment":[{"href":"https:\/\/laestaciononline.com.ar\/index.php?rest_route=%2Fwp%2Fv2%2Fmedia&parent=4304"}],"wp:term":[{"taxonomy":"category","embeddable":true,"href":"https:\/\/laestaciononline.com.ar\/index.php?rest_route=%2Fwp%2Fv2%2Fcategories&post=4304"},{"taxonomy":"post_tag","embeddable":true,"href":"https:\/\/laestaciononline.com.ar\/index.php?rest_route=%2Fwp%2Fv2%2Ftags&post=4304"}],"curies":[{"name":"wp","href":"https:\/\/api.w.org\/{rel}","templated":true}]}}