{"id":431,"date":"2024-11-30T15:59:21","date_gmt":"2024-11-30T15:59:21","guid":{"rendered":"https:\/\/laestaciononline.com.ar\/?p=431"},"modified":"2024-11-30T16:02:38","modified_gmt":"2024-11-30T16:02:38","slug":"lomas-de-zamora-buscan-maia-perez-de-17-anos","status":"publish","type":"post","link":"https:\/\/laestaciononline.com.ar\/?p=431","title":{"rendered":"Lomas de Zamora: buscan Maia P\u00e9rez  de 17 a\u00f1os"},"content":{"rendered":"\n<p>Maia P\u00e9rez, una joven de 17 a\u00f1os, desapareci\u00f3 el jueves por la tarde mientras realizaba ejercicio en las calles de Turdera, partido de Lomas de Zamora. Fue vista por \u00faltima vez en la esquina de Pichincha y San Blas, dirigi\u00e9ndose hacia Llavallol, pero no regres\u00f3 a su hogar. Su familia present\u00f3 la denuncia correspondiente e inici\u00f3 una b\u00fasqueda intensiva.<\/p>\n\n\n\n<p>Maia mide 1,60 metros, pesa alrededor de 40 kilos, tiene tez blanca y ojos marrones. Al momento de desaparecer, vest\u00eda ropa negra y llevaba un bolso. Su celular est\u00e1 apagado desde el d\u00eda de su desaparici\u00f3n, lo que complica su localizaci\u00f3n.<\/p>\n\n\n\n<h3 class=\"wp-block-heading\"><strong>Avances en la investigaci\u00f3n<\/strong><\/h3>\n\n\n\n<p>Las autoridades, junto con la familia, est\u00e1n revisando las c\u00e1maras de seguridad de la zona para reconstruir sus \u00faltimos movimientos. La \u00faltima ubicaci\u00f3n registrada de su celular apunta a la localidad de Mor\u00f3n, lo que genera preocupaci\u00f3n, ya que se trata de una zona fuera de su entorno habitual.<\/p>\n\n\n\n<h3 class=\"wp-block-heading\"><strong>Llamado a la comunidad<\/strong><\/h3>\n\n\n\n<p>La familia de Maia ha difundido su caso en redes sociales y solicita la colaboraci\u00f3n de la ciudadan\u00eda. Cualquier informaci\u00f3n que pueda ayudar a encontrarla puede comunicarse al 1156601603.<\/p>\n\n\n\n<p>Este caso contin\u00faa generando movilizaci\u00f3n en la comunidad mientras se intensifican los esfuerzos de b\u00fasqueda.<\/p>\n","protected":false},"excerpt":{"rendered":"<p>Maia P\u00e9rez, una joven de 17 a\u00f1os, desapareci\u00f3 el jueves por la tarde mientras realizaba ejercicio en las calles de Turdera, partido de Lomas de Zamora. Fue vista por \u00faltima vez en la esquina de Pichincha y San Blas, dirigi\u00e9ndose hacia Llavallol, pero no regres\u00f3 a su hogar. Su familia present\u00f3 la denuncia correspondiente e [&hellip;]<\/p>\n","protected":false},"author":1,"featured_media":435,"comment_status":"open","ping_status":"open","sticky":false,"template":"","format":"standard","meta":{"footnotes":""},"categories":[1],"tags":[],"class_list":["post-431","post","type-post","status-publish","format-standard","has-post-thumbnail","hentry","category-politica"],"_links":{"self":[{"href":"https:\/\/laestaciononline.com.ar\/index.php?rest_route=\/wp\/v2\/posts\/431","targetHints":{"allow":["GET"]}}],"collection":[{"href":"https:\/\/laestaciononline.com.ar\/index.php?rest_route=\/wp\/v2\/posts"}],"about":[{"href":"https:\/\/laestaciononline.com.ar\/index.php?rest_route=\/wp\/v2\/types\/post"}],"author":[{"embeddable":true,"href":"https:\/\/laestaciononline.com.ar\/index.php?rest_route=\/wp\/v2\/users\/1"}],"replies":[{"embeddable":true,"href":"https:\/\/laestaciononline.com.ar\/index.php?rest_route=%2Fwp%2Fv2%2Fcomments&post=431"}],"version-history":[{"count":2,"href":"https:\/\/laestaciononline.com.ar\/index.php?rest_route=\/wp\/v2\/posts\/431\/revisions"}],"predecessor-version":[{"id":434,"href":"https:\/\/laestaciononline.com.ar\/index.php?rest_route=\/wp\/v2\/posts\/431\/revisions\/434"}],"wp:featuredmedia":[{"embeddable":true,"href":"https:\/\/laestaciononline.com.ar\/index.php?rest_route=\/wp\/v2\/media\/435"}],"wp:attachment":[{"href":"https:\/\/laestaciononline.com.ar\/index.php?rest_route=%2Fwp%2Fv2%2Fmedia&parent=431"}],"wp:term":[{"taxonomy":"category","embeddable":true,"href":"https:\/\/laestaciononline.com.ar\/index.php?rest_route=%2Fwp%2Fv2%2Fcategories&post=431"},{"taxonomy":"post_tag","embeddable":true,"href":"https:\/\/laestaciononline.com.ar\/index.php?rest_route=%2Fwp%2Fv2%2Ftags&post=431"}],"curies":[{"name":"wp","href":"https:\/\/api.w.org\/{rel}","templated":true}]}}