{"id":4310,"date":"2026-04-28T11:10:15","date_gmt":"2026-04-28T11:10:15","guid":{"rendered":"https:\/\/laestaciononline.com.ar\/?p=4310"},"modified":"2026-04-28T11:12:21","modified_gmt":"2026-04-28T11:12:21","slug":"cae-la-imagen-del-gobierno-abril-marco-el-peor-nivel-de-aprobacion-de-la-gestion","status":"publish","type":"post","link":"https:\/\/laestaciononline.com.ar\/?p=4310","title":{"rendered":"Cae la imagen del Gobierno: abril marc\u00f3 el peor nivel de aprobaci\u00f3n de la gesti\u00f3n"},"content":{"rendered":"\n<p><\/p>\n\n\n\n<p><br>La confianza en el Gobierno atraviesa uno de sus momentos m\u00e1s delicados. Seg\u00fan los \u00faltimos relevamientos, abril cerr\u00f3 con el nivel de aprobaci\u00f3n m\u00e1s bajo desde el inicio de la actual gesti\u00f3n, reflejando un deterioro sostenido en la percepci\u00f3n p\u00fablica.<\/p>\n\n\n\n<p>El descenso se da en un contexto marcado por dificultades econ\u00f3micas, tensiones pol\u00edticas y una creciente preocupaci\u00f3n social por el rumbo del pa\u00eds. Los indicadores muestran que no solo cay\u00f3 la valoraci\u00f3n positiva, sino que tambi\u00e9n aument\u00f3 el rechazo, consolidando una tendencia negativa que se viene profundizando en los \u00faltimos meses.<\/p>\n\n\n\n<p>Especialistas se\u00f1alan que el desgaste responde a m\u00faltiples factores, entre ellos el impacto de las medidas econ\u00f3micas, la p\u00e9rdida del poder adquisitivo y la incertidumbre generalizada. A esto se suma un clima de desconfianza que se refleja en distintos sectores de la sociedad.<\/p>\n\n\n\n<p>Si bien el oficialismo mantiene un n\u00facleo de apoyo, los datos evidencian que cada vez le resulta m\u00e1s dif\u00edcil sostener los niveles de aprobaci\u00f3n que hab\u00eda logrado en etapas anteriores. El desaf\u00edo hacia adelante ser\u00e1 revertir esta percepci\u00f3n y recuperar la iniciativa en un escenario cada vez m\u00e1s exigente.<\/p>\n","protected":false},"excerpt":{"rendered":"<p>La confianza en el Gobierno atraviesa uno de sus momentos m\u00e1s delicados. Seg\u00fan los \u00faltimos relevamientos, abril cerr\u00f3 con el nivel de aprobaci\u00f3n m\u00e1s bajo desde el inicio de la actual gesti\u00f3n, reflejando un deterioro sostenido en la percepci\u00f3n p\u00fablica. El descenso se da en un contexto marcado por dificultades econ\u00f3micas, tensiones pol\u00edticas y una [&hellip;]<\/p>\n","protected":false},"author":1,"featured_media":4312,"comment_status":"open","ping_status":"open","sticky":false,"template":"","format":"standard","meta":{"footnotes":""},"categories":[1],"tags":[],"class_list":["post-4310","post","type-post","status-publish","format-standard","has-post-thumbnail","hentry","category-politica"],"_links":{"self":[{"href":"https:\/\/laestaciononline.com.ar\/index.php?rest_route=\/wp\/v2\/posts\/4310","targetHints":{"allow":["GET"]}}],"collection":[{"href":"https:\/\/laestaciononline.com.ar\/index.php?rest_route=\/wp\/v2\/posts"}],"about":[{"href":"https:\/\/laestaciononline.com.ar\/index.php?rest_route=\/wp\/v2\/types\/post"}],"author":[{"embeddable":true,"href":"https:\/\/laestaciononline.com.ar\/index.php?rest_route=\/wp\/v2\/users\/1"}],"replies":[{"embeddable":true,"href":"https:\/\/laestaciononline.com.ar\/index.php?rest_route=%2Fwp%2Fv2%2Fcomments&post=4310"}],"version-history":[{"count":1,"href":"https:\/\/laestaciononline.com.ar\/index.php?rest_route=\/wp\/v2\/posts\/4310\/revisions"}],"predecessor-version":[{"id":4311,"href":"https:\/\/laestaciononline.com.ar\/index.php?rest_route=\/wp\/v2\/posts\/4310\/revisions\/4311"}],"wp:featuredmedia":[{"embeddable":true,"href":"https:\/\/laestaciononline.com.ar\/index.php?rest_route=\/wp\/v2\/media\/4312"}],"wp:attachment":[{"href":"https:\/\/laestaciononline.com.ar\/index.php?rest_route=%2Fwp%2Fv2%2Fmedia&parent=4310"}],"wp:term":[{"taxonomy":"category","embeddable":true,"href":"https:\/\/laestaciononline.com.ar\/index.php?rest_route=%2Fwp%2Fv2%2Fcategories&post=4310"},{"taxonomy":"post_tag","embeddable":true,"href":"https:\/\/laestaciononline.com.ar\/index.php?rest_route=%2Fwp%2Fv2%2Ftags&post=4310"}],"curies":[{"name":"wp","href":"https:\/\/api.w.org\/{rel}","templated":true}]}}