{"id":4319,"date":"2026-04-29T10:04:50","date_gmt":"2026-04-29T10:04:50","guid":{"rendered":"https:\/\/laestaciononline.com.ar\/?p=4319"},"modified":"2026-04-29T10:10:13","modified_gmt":"2026-04-29T10:10:13","slug":"bajo-presion-en-el-congreso-adorni-enfrenta-hoy-un-informe-de-gestion-cargado-de-cuestionamientos","status":"publish","type":"post","link":"https:\/\/laestaciononline.com.ar\/?p=4319","title":{"rendered":"Bajo presi\u00f3n en el Congreso: Adorni enfrenta hoy un informe de gesti\u00f3n cargado de cuestionamientos"},"content":{"rendered":"\n<p><\/p>\n\n\n\n<hr class=\"wp-block-separator has-alpha-channel-opacity\"\/>\n\n\n\n<p>El jefe de Gabinete, Manuel Adorni, se presenta hoy en el Congreso para brindar el informe de gesti\u00f3n del Gobierno en una jornada atravesada por fuertes tensiones pol\u00edticas y expectativas de la oposici\u00f3n.<\/p>\n\n\n\n<p>Desde el oficialismo anticipan un discurso centrado en los principales indicadores econ\u00f3micos y en las reformas impulsadas por el Ejecutivo. Sin embargo, distintos sectores opositores ya adelantaron que pondr\u00e1n el foco en las inconsistencias del relato oficial y en la falta de respuestas concretas frente a la situaci\u00f3n social.<\/p>\n\n\n\n<p>La sesi\u00f3n estar\u00e1 marcada por una extensa ronda de preguntas, en la que legisladores buscar\u00e1n obtener precisiones sobre temas sensibles de la gesti\u00f3n. Entre ellos, tambi\u00e9n aparece el tema del presunto enriquecimiento il\u00edcito que rodea al funcionario, un punto que suma presi\u00f3n y condiciona el desarrollo del debate.<\/p>\n\n\n\n<p>Adem\u00e1s, se espera que surjan cuestionamientos sobre el impacto de las medidas econ\u00f3micas, la ca\u00edda del poder adquisitivo y el rumbo general del Gobierno, en un contexto de creciente malestar social.<\/p>\n\n\n\n<p>En este escenario, la exposici\u00f3n de Adorni no solo funcionar\u00e1 como una instancia formal de rendici\u00f3n de cuentas, sino tambi\u00e9n como un espacio de fuerte disputa pol\u00edtica. Mientras el oficialismo intenta sostener su narrativa, la oposici\u00f3n se prepara para interpelar con dureza.<\/p>\n\n\n\n<p>As\u00ed, m\u00e1s que una simple presentaci\u00f3n, la jornada de hoy se perfila como un term\u00f3metro del clima pol\u00edtico actual, donde las respuestas del Gobierno ser\u00e1n puestas bajo la lupa en un Congreso cada vez m\u00e1s cr\u00edtico.<\/p>\n","protected":false},"excerpt":{"rendered":"<p>El jefe de Gabinete, Manuel Adorni, se presenta hoy en el Congreso para brindar el informe de gesti\u00f3n del Gobierno en una jornada atravesada por fuertes tensiones pol\u00edticas y expectativas de la oposici\u00f3n. Desde el oficialismo anticipan un discurso centrado en los principales indicadores econ\u00f3micos y en las reformas impulsadas por el Ejecutivo. Sin embargo, [&hellip;]<\/p>\n","protected":false},"author":1,"featured_media":3011,"comment_status":"open","ping_status":"open","sticky":false,"template":"","format":"standard","meta":{"footnotes":""},"categories":[1],"tags":[],"class_list":["post-4319","post","type-post","status-publish","format-standard","has-post-thumbnail","hentry","category-politica"],"_links":{"self":[{"href":"https:\/\/laestaciononline.com.ar\/index.php?rest_route=\/wp\/v2\/posts\/4319","targetHints":{"allow":["GET"]}}],"collection":[{"href":"https:\/\/laestaciononline.com.ar\/index.php?rest_route=\/wp\/v2\/posts"}],"about":[{"href":"https:\/\/laestaciononline.com.ar\/index.php?rest_route=\/wp\/v2\/types\/post"}],"author":[{"embeddable":true,"href":"https:\/\/laestaciononline.com.ar\/index.php?rest_route=\/wp\/v2\/users\/1"}],"replies":[{"embeddable":true,"href":"https:\/\/laestaciononline.com.ar\/index.php?rest_route=%2Fwp%2Fv2%2Fcomments&post=4319"}],"version-history":[{"count":1,"href":"https:\/\/laestaciononline.com.ar\/index.php?rest_route=\/wp\/v2\/posts\/4319\/revisions"}],"predecessor-version":[{"id":4320,"href":"https:\/\/laestaciononline.com.ar\/index.php?rest_route=\/wp\/v2\/posts\/4319\/revisions\/4320"}],"wp:featuredmedia":[{"embeddable":true,"href":"https:\/\/laestaciononline.com.ar\/index.php?rest_route=\/wp\/v2\/media\/3011"}],"wp:attachment":[{"href":"https:\/\/laestaciononline.com.ar\/index.php?rest_route=%2Fwp%2Fv2%2Fmedia&parent=4319"}],"wp:term":[{"taxonomy":"category","embeddable":true,"href":"https:\/\/laestaciononline.com.ar\/index.php?rest_route=%2Fwp%2Fv2%2Fcategories&post=4319"},{"taxonomy":"post_tag","embeddable":true,"href":"https:\/\/laestaciononline.com.ar\/index.php?rest_route=%2Fwp%2Fv2%2Ftags&post=4319"}],"curies":[{"name":"wp","href":"https:\/\/api.w.org\/{rel}","templated":true}]}}