{"id":4325,"date":"2026-04-29T18:50:56","date_gmt":"2026-04-29T18:50:56","guid":{"rendered":"https:\/\/laestaciononline.com.ar\/?p=4325"},"modified":"2026-04-29T18:56:41","modified_gmt":"2026-04-29T18:56:41","slug":"adorni-en-la-cuerda-floja-gritos-de-renuncia-escandalos-y-un-congreso-al-rojo-vivo","status":"publish","type":"post","link":"https:\/\/laestaciononline.com.ar\/?p=4325","title":{"rendered":"Adorni en la cuerda floja: gritos de renuncia, esc\u00e1ndalos y un Congreso al rojo vivo"},"content":{"rendered":"\n<p><\/p>\n\n\n\n<p>En una jornada cargada de tensi\u00f3n pol\u00edtica, el jefe de Gabinete, Manuel Adorni, enfrent\u00f3 en el Congreso una de sus exposiciones m\u00e1s dif\u00edciles desde que asumi\u00f3. Rodeado de cuestionamientos por sus viajes, gastos personales y propiedades, el funcionario qued\u00f3 en el centro de una tormenta pol\u00edtica que combin\u00f3 gritos de renuncia, acusaciones cruzadas y un fuerte respaldo del oficialismo.<\/p>\n\n\n\n<p>La sesi\u00f3n en Diputados estuvo marcada por un clima hostil desde el inicio. Adorni debi\u00f3 responder miles de preguntas de legisladores \u2014m\u00e1s de 2000 en el recinto\u2014 muchas de ellas vinculadas a su patrimonio y a las investigaciones judiciales en curso.<br>Pero lejos de apaciguarse, el debate escal\u00f3 r\u00e1pidamente: sectores de la oposici\u00f3n exigieron su dimisi\u00f3n ante lo que consideraron \u201cfalta de explicaciones claras\u201d sobre sus gastos y bienes.<\/p>\n\n\n\n<p>En ese contexto, la tensi\u00f3n oblig\u00f3 al presidente de la C\u00e1mara de Diputados, Mart\u00edn Menem, a intervenir para ordenar la sesi\u00f3n y contener el caos pol\u00edtico que se desataba en el recinto. Mientras tanto, desde las bancas opositoras se repet\u00eda una consigna que sintetiz\u00f3 el clima del momento: \u201c\u00bfCu\u00e1ndo renuncia?\u201d.<\/p>\n\n\n\n<p>El trasfondo de esta embestida pol\u00edtica no es menor. Adorni llega golpeado por una serie de denuncias y cuestionamientos que incluyen viajes al exterior, uso de recursos y la compra de propiedades que no se condicen con sus ingresos declarados, temas que ya est\u00e1n bajo la lupa judicial.<br>Estos esc\u00e1ndalos, adem\u00e1s, se inscriben en un contexto m\u00e1s amplio de desgaste para el Gobierno, con otros casos que tambi\u00e9n salpican a funcionarios y alimentan sospechas de irregularidades.<\/p>\n\n\n\n<p>Pese a la presi\u00f3n, el jefe de Gabinete fue tajante dentro del recinto: descart\u00f3 cualquier posibilidad de renuncia y asegur\u00f3 que seguir\u00e1 en el cargo con el respaldo del presidente Javier Milei.<\/p>\n\n\n\n<p>El oficialismo, de hecho, mont\u00f3 una fuerte puesta en escena para sostenerlo. Milei estuvo presente en el Congreso junto a su c\u00edrculo m\u00e1s cercano, en una se\u00f1al clara de apoyo pol\u00edtico en medio del vendaval. Sin embargo, ni la defensa cerrada ni el despliegue institucional lograron evitar que la sesi\u00f3n se transformara en un espect\u00e1culo de alto voltaje, con cruces, insultos y acusaciones que dejaron expuesta la fragilidad del momento.<\/p>\n\n\n\n<p>As\u00ed, la presentaci\u00f3n de gesti\u00f3n de Adorni termin\u00f3 siendo mucho m\u00e1s que un tr\u00e1mite legislativo: se convirti\u00f3 en una prueba de supervivencia pol\u00edtica. Y aunque logr\u00f3 esquivar, por ahora, el pedido de renuncia, el interrogante sigue flotando en el aire: \u00bfcu\u00e1nto m\u00e1s puede resistir en el centro de la pol\u00e9mica?<\/p>\n","protected":false},"excerpt":{"rendered":"<p>En una jornada cargada de tensi\u00f3n pol\u00edtica, el jefe de Gabinete, Manuel Adorni, enfrent\u00f3 en el Congreso una de sus exposiciones m\u00e1s dif\u00edciles desde que asumi\u00f3. Rodeado de cuestionamientos por sus viajes, gastos personales y propiedades, el funcionario qued\u00f3 en el centro de una tormenta pol\u00edtica que combin\u00f3 gritos de renuncia, acusaciones cruzadas y un [&hellip;]<\/p>\n","protected":false},"author":1,"featured_media":4327,"comment_status":"open","ping_status":"open","sticky":false,"template":"","format":"standard","meta":{"footnotes":""},"categories":[1],"tags":[],"class_list":["post-4325","post","type-post","status-publish","format-standard","has-post-thumbnail","hentry","category-politica"],"_links":{"self":[{"href":"https:\/\/laestaciononline.com.ar\/index.php?rest_route=\/wp\/v2\/posts\/4325","targetHints":{"allow":["GET"]}}],"collection":[{"href":"https:\/\/laestaciononline.com.ar\/index.php?rest_route=\/wp\/v2\/posts"}],"about":[{"href":"https:\/\/laestaciononline.com.ar\/index.php?rest_route=\/wp\/v2\/types\/post"}],"author":[{"embeddable":true,"href":"https:\/\/laestaciononline.com.ar\/index.php?rest_route=\/wp\/v2\/users\/1"}],"replies":[{"embeddable":true,"href":"https:\/\/laestaciononline.com.ar\/index.php?rest_route=%2Fwp%2Fv2%2Fcomments&post=4325"}],"version-history":[{"count":1,"href":"https:\/\/laestaciononline.com.ar\/index.php?rest_route=\/wp\/v2\/posts\/4325\/revisions"}],"predecessor-version":[{"id":4326,"href":"https:\/\/laestaciononline.com.ar\/index.php?rest_route=\/wp\/v2\/posts\/4325\/revisions\/4326"}],"wp:featuredmedia":[{"embeddable":true,"href":"https:\/\/laestaciononline.com.ar\/index.php?rest_route=\/wp\/v2\/media\/4327"}],"wp:attachment":[{"href":"https:\/\/laestaciononline.com.ar\/index.php?rest_route=%2Fwp%2Fv2%2Fmedia&parent=4325"}],"wp:term":[{"taxonomy":"category","embeddable":true,"href":"https:\/\/laestaciononline.com.ar\/index.php?rest_route=%2Fwp%2Fv2%2Fcategories&post=4325"},{"taxonomy":"post_tag","embeddable":true,"href":"https:\/\/laestaciononline.com.ar\/index.php?rest_route=%2Fwp%2Fv2%2Ftags&post=4325"}],"curies":[{"name":"wp","href":"https:\/\/api.w.org\/{rel}","templated":true}]}}