{"id":4328,"date":"2026-04-30T11:37:30","date_gmt":"2026-04-30T11:37:30","guid":{"rendered":"https:\/\/laestaciononline.com.ar\/?p=4328"},"modified":"2026-04-30T11:37:30","modified_gmt":"2026-04-30T11:37:30","slug":"intendentes-bonaerenses-presionan-por-fondos-escolares-y-apuntan-contra-nacion","status":"publish","type":"post","link":"https:\/\/laestaciononline.com.ar\/?p=4328","title":{"rendered":"Intendentes bonaerenses presionan por fondos escolares y apuntan contra Naci\u00f3n"},"content":{"rendered":"\n<h3 class=\"wp-block-heading\"><\/h3>\n\n\n\n<p>Un amplio grupo de intendentes de la provincia de Buenos Aires volvi\u00f3 a tensar la relaci\u00f3n con el Gobierno nacional tras presentar un reclamo formal ante el Ministerio de Capital Humano por el financiamiento de programas alimentarios escolares.<\/p>\n\n\n\n<p>Los jefes comunales denunciaron un fuerte recorte en las partidas destinadas al Servicio Alimentario Escolar (SAE) y al programa MESA, fundamentales para garantizar la alimentaci\u00f3n de millones de estudiantes en territorio bonaerense. Seg\u00fan plantearon, el ajuste impacta directamente en casi tres millones de chicos y chicas que dependen de estos planes.<\/p>\n\n\n\n<p>El reclamo se materializ\u00f3 en un petitorio entregado en la cartera que conduce Sandra Pettovello, donde se\u00f1alaron una \u201cretenci\u00f3n indebida de fondos\u201d y advirtieron sobre la falta de respuesta del Gobierno nacional frente a la creciente demanda social.<\/p>\n\n\n\n<p>Desde los municipios sostienen que la situaci\u00f3n se agrav\u00f3 en los \u00faltimos a\u00f1os: aseguran que en 2024 Naci\u00f3n envi\u00f3 apenas dos tercios de los recursos necesarios, porcentaje que sigui\u00f3 cayendo en 2025 y 2026, en un contexto de inflaci\u00f3n y deterioro del poder adquisitivo.<\/p>\n\n\n\n<p>Adem\u00e1s, remarcaron que la Provincia enfrenta una deuda acumulada millonaria vinculada a estos programas, lo que pone en riesgo la continuidad de la asistencia alimentaria en las escuelas.<\/p>\n\n\n\n<p>En ese marco, el reclamo tambi\u00e9n tiene un fuerte componente pol\u00edtico. Desde la gesti\u00f3n bonaerense, encabezada por Axel Kicillof, acusan al Gobierno de Javier Milei de desfinanciar deliberadamente pol\u00edticas sociales clave, mientras que desde Naci\u00f3n responden que estos programas son responsabilidad provincial.<\/p>\n\n\n\n<p>El conflicto expone un nuevo cap\u00edtulo en la disputa por recursos entre la Casa Rosada y la Provincia, con los municipios en el centro de una crisis que, advierten, ya se siente en el d\u00eda a d\u00eda de miles de familias.<\/p>\n","protected":false},"excerpt":{"rendered":"<p>Un amplio grupo de intendentes de la provincia de Buenos Aires volvi\u00f3 a tensar la relaci\u00f3n con el Gobierno nacional tras presentar un reclamo formal ante el Ministerio de Capital Humano por el financiamiento de programas alimentarios escolares. Los jefes comunales denunciaron un fuerte recorte en las partidas destinadas al Servicio Alimentario Escolar (SAE) y [&hellip;]<\/p>\n","protected":false},"author":1,"featured_media":0,"comment_status":"open","ping_status":"open","sticky":false,"template":"","format":"standard","meta":{"footnotes":""},"categories":[1],"tags":[],"class_list":["post-4328","post","type-post","status-publish","format-standard","hentry","category-politica"],"_links":{"self":[{"href":"https:\/\/laestaciononline.com.ar\/index.php?rest_route=\/wp\/v2\/posts\/4328","targetHints":{"allow":["GET"]}}],"collection":[{"href":"https:\/\/laestaciononline.com.ar\/index.php?rest_route=\/wp\/v2\/posts"}],"about":[{"href":"https:\/\/laestaciononline.com.ar\/index.php?rest_route=\/wp\/v2\/types\/post"}],"author":[{"embeddable":true,"href":"https:\/\/laestaciononline.com.ar\/index.php?rest_route=\/wp\/v2\/users\/1"}],"replies":[{"embeddable":true,"href":"https:\/\/laestaciononline.com.ar\/index.php?rest_route=%2Fwp%2Fv2%2Fcomments&post=4328"}],"version-history":[{"count":1,"href":"https:\/\/laestaciononline.com.ar\/index.php?rest_route=\/wp\/v2\/posts\/4328\/revisions"}],"predecessor-version":[{"id":4329,"href":"https:\/\/laestaciononline.com.ar\/index.php?rest_route=\/wp\/v2\/posts\/4328\/revisions\/4329"}],"wp:attachment":[{"href":"https:\/\/laestaciononline.com.ar\/index.php?rest_route=%2Fwp%2Fv2%2Fmedia&parent=4328"}],"wp:term":[{"taxonomy":"category","embeddable":true,"href":"https:\/\/laestaciononline.com.ar\/index.php?rest_route=%2Fwp%2Fv2%2Fcategories&post=4328"},{"taxonomy":"post_tag","embeddable":true,"href":"https:\/\/laestaciononline.com.ar\/index.php?rest_route=%2Fwp%2Fv2%2Ftags&post=4328"}],"curies":[{"name":"wp","href":"https:\/\/api.w.org\/{rel}","templated":true}]}}