{"id":4337,"date":"2026-05-01T14:46:41","date_gmt":"2026-05-01T14:46:41","guid":{"rendered":"https:\/\/laestaciononline.com.ar\/?p=4337"},"modified":"2026-05-01T14:56:24","modified_gmt":"2026-05-01T14:56:24","slug":"brutal-asalto-a-un-chico-de-12-anos-camino-a-la-escuela-lo-golpearon-y-le-robaron-sus-pertenencias","status":"publish","type":"post","link":"https:\/\/laestaciononline.com.ar\/?p=4337","title":{"rendered":"Brutal asalto a un chico de 12 a\u00f1os camino a la escuela: lo golpearon y le robaron sus pertenencias"},"content":{"rendered":"\n<h2 class=\"wp-block-heading\"><\/h2>\n\n\n\n<p>Un violento episodio de inseguridad tuvo como v\u00edctima a un ni\u00f1o de 12 a\u00f1os que se dirig\u00eda a la escuela. El hecho ocurri\u00f3 cuando fue interceptado por delincuentes que lo atacaron sin piedad para robarle.<\/p>\n\n\n\n<p>Seg\u00fan se pudo reconstruir, el menor fue sorprendido en la v\u00eda p\u00fablica mientras caminaba con sus \u00fatiles. Los agresores lo golpearon y lo amenazaron hasta lograr quitarle la mochila y el buzo, dej\u00e1ndolo en estado de shock.<\/p>\n\n\n\n<p>La situaci\u00f3n gener\u00f3 fuerte preocupaci\u00f3n entre vecinos y familiares, no solo por la violencia ejercida, sino porque la v\u00edctima es un ni\u00f1o que se encontraba en una rutina cotidiana como ir al colegio.<\/p>\n\n\n\n<p>El caso volvi\u00f3 a poner en foco la inseguridad en zonas urbanas, especialmente en horarios escolares, donde chicos y adolescentes quedan expuestos a este tipo de hechos.<\/p>\n\n\n\n<p>Tras el ataque, el menor fue asistido y se encuentra fuera de peligro, aunque conmocionado por lo sucedido.<\/p>\n","protected":false},"excerpt":{"rendered":"<p>Un violento episodio de inseguridad tuvo como v\u00edctima a un ni\u00f1o de 12 a\u00f1os que se dirig\u00eda a la escuela. El hecho ocurri\u00f3 cuando fue interceptado por delincuentes que lo atacaron sin piedad para robarle. Seg\u00fan se pudo reconstruir, el menor fue sorprendido en la v\u00eda p\u00fablica mientras caminaba con sus \u00fatiles. Los agresores lo [&hellip;]<\/p>\n","protected":false},"author":1,"featured_media":4339,"comment_status":"open","ping_status":"open","sticky":false,"template":"","format":"standard","meta":{"footnotes":""},"categories":[1],"tags":[],"class_list":["post-4337","post","type-post","status-publish","format-standard","has-post-thumbnail","hentry","category-politica"],"_links":{"self":[{"href":"https:\/\/laestaciononline.com.ar\/index.php?rest_route=\/wp\/v2\/posts\/4337","targetHints":{"allow":["GET"]}}],"collection":[{"href":"https:\/\/laestaciononline.com.ar\/index.php?rest_route=\/wp\/v2\/posts"}],"about":[{"href":"https:\/\/laestaciononline.com.ar\/index.php?rest_route=\/wp\/v2\/types\/post"}],"author":[{"embeddable":true,"href":"https:\/\/laestaciononline.com.ar\/index.php?rest_route=\/wp\/v2\/users\/1"}],"replies":[{"embeddable":true,"href":"https:\/\/laestaciononline.com.ar\/index.php?rest_route=%2Fwp%2Fv2%2Fcomments&post=4337"}],"version-history":[{"count":1,"href":"https:\/\/laestaciononline.com.ar\/index.php?rest_route=\/wp\/v2\/posts\/4337\/revisions"}],"predecessor-version":[{"id":4338,"href":"https:\/\/laestaciononline.com.ar\/index.php?rest_route=\/wp\/v2\/posts\/4337\/revisions\/4338"}],"wp:featuredmedia":[{"embeddable":true,"href":"https:\/\/laestaciononline.com.ar\/index.php?rest_route=\/wp\/v2\/media\/4339"}],"wp:attachment":[{"href":"https:\/\/laestaciononline.com.ar\/index.php?rest_route=%2Fwp%2Fv2%2Fmedia&parent=4337"}],"wp:term":[{"taxonomy":"category","embeddable":true,"href":"https:\/\/laestaciononline.com.ar\/index.php?rest_route=%2Fwp%2Fv2%2Fcategories&post=4337"},{"taxonomy":"post_tag","embeddable":true,"href":"https:\/\/laestaciononline.com.ar\/index.php?rest_route=%2Fwp%2Fv2%2Ftags&post=4337"}],"curies":[{"name":"wp","href":"https:\/\/api.w.org\/{rel}","templated":true}]}}