{"id":4340,"date":"2026-05-01T14:57:19","date_gmt":"2026-05-01T14:57:19","guid":{"rendered":"https:\/\/laestaciononline.com.ar\/?p=4340"},"modified":"2026-05-01T14:57:43","modified_gmt":"2026-05-01T14:57:43","slug":"adorni-descarta-dar-un-paso-al-costado-y-evita-responder-por-sus-gastos","status":"publish","type":"post","link":"https:\/\/laestaciononline.com.ar\/?p=4340","title":{"rendered":"Bochornoso: Adorni descarta dar un paso al costado y evita responder por sus gastos"},"content":{"rendered":"\n<h2 class=\"wp-block-heading\"><\/h2>\n\n\n\n<p>El jefe de Gabinete, Manuel Adorni, volvi\u00f3 a rechazar de manera tajante cualquier posibilidad de renuncia en medio de las cr\u00edticas y cuestionamientos por el uso de fondos p\u00fablicos.<\/p>\n\n\n\n<p>En una entrevista reciente, el funcionario repiti\u00f3 el mismo discurso que ya hab\u00eda expuesto en su paso por el Congreso, donde defendi\u00f3 su gesti\u00f3n y minimiz\u00f3 las acusaciones en su contra. Seg\u00fan su postura, todo se trata de una \u201cconstrucci\u00f3n medi\u00e1tica\u201d y asegur\u00f3 que no dar\u00e1 explicaciones fuera del \u00e1mbito judicial.<\/p>\n\n\n\n<p>Adorni evit\u00f3 profundizar sobre los gastos vinculados a viajes y operaciones inmobiliarias, uno de los principales ejes de las denuncias que lo rodean. Frente a estas consultas, insisti\u00f3 en que ser\u00e1 la Justicia la que deber\u00e1 evaluar su situaci\u00f3n.<\/p>\n\n\n\n<p>Mientras la causa sigue avanzando, el funcionario mantiene una l\u00ednea discursiva sin cambios, desestimando los cuestionamientos pol\u00edticos y medi\u00e1ticos y reafirmando su continuidad en el cargo.<\/p>\n\n\n\n<p>El caso suma tensi\u00f3n dentro del escenario pol\u00edtico, donde crecen los reclamos de explicaciones y mayor transparencia sobre el manejo de recursos p\u00fablicos<\/p>\n","protected":false},"excerpt":{"rendered":"<p>El jefe de Gabinete, Manuel Adorni, volvi\u00f3 a rechazar de manera tajante cualquier posibilidad de renuncia en medio de las cr\u00edticas y cuestionamientos por el uso de fondos p\u00fablicos. En una entrevista reciente, el funcionario repiti\u00f3 el mismo discurso que ya hab\u00eda expuesto en su paso por el Congreso, donde defendi\u00f3 su gesti\u00f3n y minimiz\u00f3 [&hellip;]<\/p>\n","protected":false},"author":1,"featured_media":4327,"comment_status":"open","ping_status":"open","sticky":false,"template":"","format":"standard","meta":{"footnotes":""},"categories":[1],"tags":[],"class_list":["post-4340","post","type-post","status-publish","format-standard","has-post-thumbnail","hentry","category-politica"],"_links":{"self":[{"href":"https:\/\/laestaciononline.com.ar\/index.php?rest_route=\/wp\/v2\/posts\/4340","targetHints":{"allow":["GET"]}}],"collection":[{"href":"https:\/\/laestaciononline.com.ar\/index.php?rest_route=\/wp\/v2\/posts"}],"about":[{"href":"https:\/\/laestaciononline.com.ar\/index.php?rest_route=\/wp\/v2\/types\/post"}],"author":[{"embeddable":true,"href":"https:\/\/laestaciononline.com.ar\/index.php?rest_route=\/wp\/v2\/users\/1"}],"replies":[{"embeddable":true,"href":"https:\/\/laestaciononline.com.ar\/index.php?rest_route=%2Fwp%2Fv2%2Fcomments&post=4340"}],"version-history":[{"count":2,"href":"https:\/\/laestaciononline.com.ar\/index.php?rest_route=\/wp\/v2\/posts\/4340\/revisions"}],"predecessor-version":[{"id":4342,"href":"https:\/\/laestaciononline.com.ar\/index.php?rest_route=\/wp\/v2\/posts\/4340\/revisions\/4342"}],"wp:featuredmedia":[{"embeddable":true,"href":"https:\/\/laestaciononline.com.ar\/index.php?rest_route=\/wp\/v2\/media\/4327"}],"wp:attachment":[{"href":"https:\/\/laestaciononline.com.ar\/index.php?rest_route=%2Fwp%2Fv2%2Fmedia&parent=4340"}],"wp:term":[{"taxonomy":"category","embeddable":true,"href":"https:\/\/laestaciononline.com.ar\/index.php?rest_route=%2Fwp%2Fv2%2Fcategories&post=4340"},{"taxonomy":"post_tag","embeddable":true,"href":"https:\/\/laestaciononline.com.ar\/index.php?rest_route=%2Fwp%2Fv2%2Ftags&post=4340"}],"curies":[{"name":"wp","href":"https:\/\/api.w.org\/{rel}","templated":true}]}}