{"id":458,"date":"2024-12-03T15:54:58","date_gmt":"2024-12-03T15:54:58","guid":{"rendered":"https:\/\/laestaciononline.com.ar\/?p=458"},"modified":"2024-12-03T15:56:38","modified_gmt":"2024-12-03T15:56:38","slug":"almirante-brown-conmemora-el-dia-de-las-personas-con-discapacidad-con-actividades-charlas-y-propuestas-artisticas","status":"publish","type":"post","link":"https:\/\/laestaciononline.com.ar\/?p=458","title":{"rendered":"Almirante Brown conmemora el D\u00eda de las Personas con Discapacidad con actividades, charlas y propuestas artisticas"},"content":{"rendered":"\n<p>El Municipio de Almirante Brown conmemora este martes el D\u00eda Internacional de los Derechos de las Personas con Discapacidad con un abanico de propuestas y actividades inclusivas, entre las que se destacan charlas, shows de danza y espect\u00e1culos musicales.<\/p>\n\n\n\n<p>La propuesta se lleva adelante durante toda la jornada en la Casa de la Cultura de Adrogu\u00e9, situada en Esteban Adrogu\u00e9 N\u00b0 1224, y cuenta con el acompa\u00f1amiento y apoyo de veinte instituciones intermedias y centros de d\u00eda de la regi\u00f3n.<\/p>\n\n\n\n<p>La jornada comenz\u00f3 temprano e incluy\u00f3 charlas de Andr\u00e9s Roa y Gerardo Burgos (coordinadores de Cultura y Deportes para personas con Discapacidad en los Juegos Bonaerenses), Sandra Silvio (coordinadora del grupo Tanguera \u00danica) y de Marcelo Dom\u00ednguez (director de Verte Volar y Cultura Inclusiva Brown).<\/p>\n\n\n\n<p>Tambi\u00e9n se concret\u00f3 la entrega de reconocimientos a participantes de talleres e instituciones, la presentaci\u00f3n de grupos de teatro y de danzas y tambi\u00e9n de numerosas propuestas durante todo el d\u00eda, como por ejemplo a las 14 la realizaci\u00f3n del musical \u201cH\u00e9rcules\u201d y de un show del grupo \u201cReciclados\u201d, desde las 16 horas.<\/p>\n\n\n\n<p>\u201cComo cada a\u00f1o llevamos adelante una importante jornada inclusiva con numerosas propuestas art\u00edsticas, charlas y talleres para visibilizar y promover los derechos de nuestros vecinos y vecinas con discapacidad\u201d, destac\u00f3 el intendente de Almirante Brown, Mariano Cascallares.<\/p>\n\n\n\n<p>Dijeron presente en las actividades los talleres protegidos EDAB, APAET, PIIHE y ACD; los centros de d\u00eda Santa Teresa de Jes\u00fas, Amigos y Nuestro centro de d\u00eda y la escuela Nuevo Amanecer, entre otros.<\/p>\n\n\n\n<p>Y tambi\u00e9n las asociaciones civiles Electrodependientes, Asociaci\u00f3n de Artritis, Cardiopat\u00edas cong\u00e9nitas, Asociaci\u00f3n Mucopolisacaridosis Argentina, CUTASA, JAZ Mitocondriales, Anemia de Fanconi, TEA sin fronteras, Lucero Azul, Militantes por la Inclusi\u00f3n, Asociaci\u00f3n Trastornos del Desarrollo del Lenguaje Argentina, Lazos Running Solidario y la Pastoral de Discapacidad Glew \u2013 Di\u00f3cesis Lomas de Zamora.<\/p>\n\n\n\n<p>En esa l\u00ednea, el jefe comunal agradeci\u00f3 el acompa\u00f1amiento de los talleres protegidos e instituciones intermedias y remarc\u00f3 que \u201cdesde el Municipio de Almirante Brown seguimos trabajando para potenciar y ampliar los derechos de las personas con discapacidad con el objetivo de que tengan una mejor calidad de vida\u201d.<\/p>\n\n\n\n<p>Por parte del Municipio, estuvieron el presidente del Concejo Deliberante, Nicol\u00e1s Jawtuschenko; el secretario de Salud, Walter G\u00f3mez; la secretaria de Desarrollo, Seguridad Social y Derechos Humanos, B\u00e1rbara Mi\u00f1\u00e1n, y el presidente del Instituto Municipal de las Culturas, Juan Manuel Pereyra Ben\u00edtez.<\/p>\n\n\n\n<p>Y tambi\u00e9n el presidente del Instituto del Deporte, Jonathan Frisa; la directora del Consejo Asesor para la Inclusi\u00f3n de Personas con Discapacidad, Nora Saporiti, y la directora General de Cultura, Cecilia Fodor, entre otras autoridades.<\/p>\n","protected":false},"excerpt":{"rendered":"<p>El Municipio de Almirante Brown conmemora este martes el D\u00eda Internacional de los Derechos de las Personas con Discapacidad con un abanico de propuestas y actividades inclusivas, entre las que se destacan charlas, shows de danza y espect\u00e1culos musicales. La propuesta se lleva adelante durante toda la jornada en la Casa de la Cultura de [&hellip;]<\/p>\n","protected":false},"author":1,"featured_media":461,"comment_status":"open","ping_status":"open","sticky":false,"template":"","format":"standard","meta":{"footnotes":""},"categories":[4,1],"tags":[],"class_list":["post-458","post","type-post","status-publish","format-standard","has-post-thumbnail","hentry","category-brown","category-politica"],"_links":{"self":[{"href":"https:\/\/laestaciononline.com.ar\/index.php?rest_route=\/wp\/v2\/posts\/458","targetHints":{"allow":["GET"]}}],"collection":[{"href":"https:\/\/laestaciononline.com.ar\/index.php?rest_route=\/wp\/v2\/posts"}],"about":[{"href":"https:\/\/laestaciononline.com.ar\/index.php?rest_route=\/wp\/v2\/types\/post"}],"author":[{"embeddable":true,"href":"https:\/\/laestaciononline.com.ar\/index.php?rest_route=\/wp\/v2\/users\/1"}],"replies":[{"embeddable":true,"href":"https:\/\/laestaciononline.com.ar\/index.php?rest_route=%2Fwp%2Fv2%2Fcomments&post=458"}],"version-history":[{"count":1,"href":"https:\/\/laestaciononline.com.ar\/index.php?rest_route=\/wp\/v2\/posts\/458\/revisions"}],"predecessor-version":[{"id":459,"href":"https:\/\/laestaciononline.com.ar\/index.php?rest_route=\/wp\/v2\/posts\/458\/revisions\/459"}],"wp:featuredmedia":[{"embeddable":true,"href":"https:\/\/laestaciononline.com.ar\/index.php?rest_route=\/wp\/v2\/media\/461"}],"wp:attachment":[{"href":"https:\/\/laestaciononline.com.ar\/index.php?rest_route=%2Fwp%2Fv2%2Fmedia&parent=458"}],"wp:term":[{"taxonomy":"category","embeddable":true,"href":"https:\/\/laestaciononline.com.ar\/index.php?rest_route=%2Fwp%2Fv2%2Fcategories&post=458"},{"taxonomy":"post_tag","embeddable":true,"href":"https:\/\/laestaciononline.com.ar\/index.php?rest_route=%2Fwp%2Fv2%2Ftags&post=458"}],"curies":[{"name":"wp","href":"https:\/\/api.w.org\/{rel}","templated":true}]}}