{"id":49,"date":"2022-08-15T22:25:00","date_gmt":"2022-08-15T22:25:00","guid":{"rendered":"https:\/\/laestaciononline.com.ar\/?p=49"},"modified":"2024-09-28T22:26:30","modified_gmt":"2024-09-28T22:26:30","slug":"vinales-lleva-la-muestra-historia-del-peronismo-en-imagenes-a-lomas","status":"publish","type":"post","link":"https:\/\/laestaciononline.com.ar\/?p=49","title":{"rendered":"Vi\u00f1ales\u00a0lleva la muestra &#8220;Historia del Peronismo en Im\u00e1genes&#8221; a Lomas"},"content":{"rendered":"\n<p><\/p>\n\n\n\n<p>El lunes 22 de agosto se llevar\u00e1 a cabo la muestra itinerante &nbsp;&#8220;La Historia del Peronismo en Im\u00e1genes&#8221; junto a la presentaci\u00f3n de los libros de Juan Domingo Per\u00f3n: &#8220;La comunidad organizada&#8221;, &#8220;Conducci\u00f3n Pol\u00edtica&#8221; y &#8220;El modelo Argentino para el Proyecto Nacional&#8221; editados por el dirigente pol\u00edtico&nbsp;lomense Juan Mar\u00eda&nbsp;Vi\u00f1ales.<br>Esta muestra viene recorriendo desde hace m\u00e1s de una d\u00e9cada toda la provincia de Buenos Aires y el interior del pa\u00eds, destacando lugares como el Instituto Patria, Teatro Melany &nbsp;de Mar del PLata.<\/p>\n\n\n\n<p><strong>La muestra<\/strong><br>El p\u00fablico podr\u00e1 visualizar la exposici\u00f3n que consiste en una serie de fotos que comienzan con el hecho fundacional del 17 de octubre, pasando por momentos hist\u00f3ricos y finalizando con el segundo gobierno de Cristina Fern\u00e1ndez de Kirchner .<br>Luego de compartir una charla con los presentes se entregar\u00e1n al p\u00fablico en forma gratuita un ejemplar de los tres libros de Peron con la nueva edicion realizada por &nbsp;Juan Mar\u00eda&nbsp;Vi\u00f1ales.<\/p>\n","protected":false},"excerpt":{"rendered":"<p>El lunes 22 de agosto se llevar\u00e1 a cabo la muestra itinerante &nbsp;&#8220;La Historia del Peronismo en Im\u00e1genes&#8221; junto a la presentaci\u00f3n de los libros de Juan Domingo Per\u00f3n: &#8220;La comunidad organizada&#8221;, &#8220;Conducci\u00f3n Pol\u00edtica&#8221; y &#8220;El modelo Argentino para el Proyecto Nacional&#8221; editados por el dirigente pol\u00edtico&nbsp;lomense Juan Mar\u00eda&nbsp;Vi\u00f1ales.Esta muestra viene recorriendo desde hace m\u00e1s [&hellip;]<\/p>\n","protected":false},"author":1,"featured_media":0,"comment_status":"open","ping_status":"open","sticky":false,"template":"","format":"standard","meta":{"footnotes":""},"categories":[1],"tags":[],"class_list":["post-49","post","type-post","status-publish","format-standard","hentry","category-politica"],"_links":{"self":[{"href":"https:\/\/laestaciononline.com.ar\/index.php?rest_route=\/wp\/v2\/posts\/49","targetHints":{"allow":["GET"]}}],"collection":[{"href":"https:\/\/laestaciononline.com.ar\/index.php?rest_route=\/wp\/v2\/posts"}],"about":[{"href":"https:\/\/laestaciononline.com.ar\/index.php?rest_route=\/wp\/v2\/types\/post"}],"author":[{"embeddable":true,"href":"https:\/\/laestaciononline.com.ar\/index.php?rest_route=\/wp\/v2\/users\/1"}],"replies":[{"embeddable":true,"href":"https:\/\/laestaciononline.com.ar\/index.php?rest_route=%2Fwp%2Fv2%2Fcomments&post=49"}],"version-history":[{"count":1,"href":"https:\/\/laestaciononline.com.ar\/index.php?rest_route=\/wp\/v2\/posts\/49\/revisions"}],"predecessor-version":[{"id":50,"href":"https:\/\/laestaciononline.com.ar\/index.php?rest_route=\/wp\/v2\/posts\/49\/revisions\/50"}],"wp:attachment":[{"href":"https:\/\/laestaciononline.com.ar\/index.php?rest_route=%2Fwp%2Fv2%2Fmedia&parent=49"}],"wp:term":[{"taxonomy":"category","embeddable":true,"href":"https:\/\/laestaciononline.com.ar\/index.php?rest_route=%2Fwp%2Fv2%2Fcategories&post=49"},{"taxonomy":"post_tag","embeddable":true,"href":"https:\/\/laestaciononline.com.ar\/index.php?rest_route=%2Fwp%2Fv2%2Ftags&post=49"}],"curies":[{"name":"wp","href":"https:\/\/api.w.org\/{rel}","templated":true}]}}