{"id":512,"date":"2024-12-09T18:59:21","date_gmt":"2024-12-09T18:59:21","guid":{"rendered":"https:\/\/laestaciononline.com.ar\/?p=512"},"modified":"2024-12-09T19:03:00","modified_gmt":"2024-12-09T19:03:00","slug":"la-matanza-dos-lineas-de-colectivos-del-conurbano-estan-de-paro-tras-un-brutal-ataque-a-un-chofer","status":"publish","type":"post","link":"https:\/\/laestaciononline.com.ar\/?p=512","title":{"rendered":"La Matanza: Dos l\u00edneas de colectivos del Conurbano est\u00e1n de paro tras un brutal ataque a un chofer"},"content":{"rendered":"\n<p>Un chofer de colectivo\u00a0<strong>recibi\u00f3 un botellazo por parte de un pasajero\u00a0<\/strong>este lunes por la madrugada en su recorrido por el Conurbano bonaerense. Debido al ataque fue hospitalizado y recibi\u00f3 cinco puntos de sutura en la frente. En reclamo por m\u00e1s\u00a0<strong>seguridad<\/strong>, las\u00a0<strong>l\u00edneas 338 y 406<\/strong>\u00a0est\u00e1n de\u00a0<strong>paro<\/strong>.<\/p>\n\n\n\n<p>El ataque ocurri\u00f3 en la localidad de&nbsp;<strong>Ciudad Evita<\/strong>, partido de&nbsp;<strong>La Matanza<\/strong>, aproximadamente a la 1.30 y cerca del&nbsp;<strong>Hospital Balestrini<\/strong>, donde un pasajero hab\u00eda tocado el timbre para descender y el conductor se detuvo en la parada siguiente.<\/p>\n\n\n\n<p>Ante esto, el agresor avanz\u00f3 desde el fondo de la unidad hacia el frente del colectivo,<strong>&nbsp;sac\u00f3 una botella de un bolso y golpe\u00f3&nbsp;<\/strong>la cara del chofer, identificado como Kevin Godoy.<\/p>\n\n\n\n<p>Tras el ataque, el colectivero sufri\u00f3 una conmoci\u00f3n, con diversos cortes en el rostro y una profunda herida en la frente, que deriv\u00f3 en su hospitalizaci\u00f3n y en los cinco puntos de sutura que recibi\u00f3 para cerrar la herida. Este hecho gener\u00f3 que sus compa\u00f1eros<strong>\u00a0lanzaran un paro por tiempo<\/strong>\u00a0indeterminado y el reclamo por mayores y mejores medidas de seguridad.<\/p>\n\n\n\n<p>A su vez, los trabajadores de la\u00a0<strong>l\u00ednea 406<\/strong>, que hace el recorrido de\u00a0<strong>Ramos Mej\u00eda\u00a0<\/strong>a<strong>\u00a0San Justo y<\/strong>\u00a0que pertenece a la misma empresa &#8211;<strong>Transporte Automotores La Plata<\/strong>&#8211; adhirieron a la protesta.\u00a0<strong>\u201cEl reclamo es por la inseguridad que estamos viviendo, son muchas cosas que est\u00e1n pasando y esta fue la gota que rebals\u00f3 el vaso\u201d<\/strong>, sentenci\u00f3 Ram\u00f3n, delegado gremial. Y se\u00f1al\u00f3 que la unidad no contaba con una c\u00e1mara de seguridad.<\/p>\n\n\n\n<p>\u201cTenemos una denuncia de que el s\u00e1bado&nbsp;<strong>a un chofer le pegaron un culatazo en un robo en Villa Santo Vega<\/strong>. Estamos pidiendo un poquito m\u00e1s de seguridad en este recorrido, que haya<strong>&nbsp;m\u00e1s presencia policial<\/strong>. A las 18 ya no hay m\u00e1s presencia policial y somos carne de ca\u00f1\u00f3n\u201d, puntualiz\u00f3 otro de los delegados en un m\u00f3vil a&nbsp;<em>C5N<\/em>. Y determin\u00f3: \u201cSaliendo de mi casa, tratando y rog\u00e1ndole a Dios de llegar vivo a casa,&nbsp;<strong>sal\u00eds y no sabes si volv\u00e9s<\/strong>\u201d.<\/p>\n\n\n\n<p>Los representantes de la empresa Transporte Automotores La Plata quedaron en reunirse este mediod\u00eda con la jefatura departamental y la Comisar\u00eda 1\u00b0 de San Justo de la Polic\u00eda Bonaerense, con el objetivo de encontrar una soluci\u00f3n al conflicto.<\/p>\n","protected":false},"excerpt":{"rendered":"<p>Un chofer de colectivo\u00a0recibi\u00f3 un botellazo por parte de un pasajero\u00a0este lunes por la madrugada en su recorrido por el Conurbano bonaerense. Debido al ataque fue hospitalizado y recibi\u00f3 cinco puntos de sutura en la frente. En reclamo por m\u00e1s\u00a0seguridad, las\u00a0l\u00edneas 338 y 406\u00a0est\u00e1n de\u00a0paro. El ataque ocurri\u00f3 en la localidad de&nbsp;Ciudad Evita, partido de&nbsp;La [&hellip;]<\/p>\n","protected":false},"author":1,"featured_media":514,"comment_status":"open","ping_status":"open","sticky":false,"template":"","format":"standard","meta":{"footnotes":""},"categories":[1],"tags":[],"class_list":["post-512","post","type-post","status-publish","format-standard","has-post-thumbnail","hentry","category-politica"],"_links":{"self":[{"href":"https:\/\/laestaciononline.com.ar\/index.php?rest_route=\/wp\/v2\/posts\/512","targetHints":{"allow":["GET"]}}],"collection":[{"href":"https:\/\/laestaciononline.com.ar\/index.php?rest_route=\/wp\/v2\/posts"}],"about":[{"href":"https:\/\/laestaciononline.com.ar\/index.php?rest_route=\/wp\/v2\/types\/post"}],"author":[{"embeddable":true,"href":"https:\/\/laestaciononline.com.ar\/index.php?rest_route=\/wp\/v2\/users\/1"}],"replies":[{"embeddable":true,"href":"https:\/\/laestaciononline.com.ar\/index.php?rest_route=%2Fwp%2Fv2%2Fcomments&post=512"}],"version-history":[{"count":1,"href":"https:\/\/laestaciononline.com.ar\/index.php?rest_route=\/wp\/v2\/posts\/512\/revisions"}],"predecessor-version":[{"id":513,"href":"https:\/\/laestaciononline.com.ar\/index.php?rest_route=\/wp\/v2\/posts\/512\/revisions\/513"}],"wp:featuredmedia":[{"embeddable":true,"href":"https:\/\/laestaciononline.com.ar\/index.php?rest_route=\/wp\/v2\/media\/514"}],"wp:attachment":[{"href":"https:\/\/laestaciononline.com.ar\/index.php?rest_route=%2Fwp%2Fv2%2Fmedia&parent=512"}],"wp:term":[{"taxonomy":"category","embeddable":true,"href":"https:\/\/laestaciononline.com.ar\/index.php?rest_route=%2Fwp%2Fv2%2Fcategories&post=512"},{"taxonomy":"post_tag","embeddable":true,"href":"https:\/\/laestaciononline.com.ar\/index.php?rest_route=%2Fwp%2Fv2%2Ftags&post=512"}],"curies":[{"name":"wp","href":"https:\/\/api.w.org\/{rel}","templated":true}]}}