{"id":5321,"date":"2026-08-31T17:01:04","date_gmt":"2026-08-31T17:01:04","guid":{"rendered":"https:\/\/laestaciononline.com.ar\/?p=5321"},"modified":"2026-08-31T17:01:27","modified_gmt":"2026-08-31T17:01:27","slug":"messi-le-puso-punto-final-a-su-historia-con-la-seleccion-argentina","status":"publish","type":"post","link":"https:\/\/laestaciononline.com.ar\/?p=5321","title":{"rendered":"Messi le puso punto final a su historia con la Selecci\u00f3n Argentina"},"content":{"rendered":"\n<h1 class=\"wp-block-heading\"><\/h1>\n\n\n\n<p>Lionel Messi confirm\u00f3 este lunes su retiro definitivo de la Selecci\u00f3n Argentina. El capit\u00e1n de la Albiceleste comunic\u00f3 la decisi\u00f3n a trav\u00e9s de un emotivo mensaje publicado en sus redes sociales, poniendo fin a m\u00e1s de dos d\u00e9cadas vinculadas al equipo nacional.<\/p>\n\n\n\n<p>El futbolista explic\u00f3 que la decisi\u00f3n hab\u00eda sido tomada luego de la final del Mundial 2026, pero que una situaci\u00f3n familiar reciente termin\u00f3 de reafirmar su postura. En su mensaje, Messi dej\u00f3 en claro que se trata de una determinaci\u00f3n dolorosa, aunque considera que lleg\u00f3 el momento de cerrar su etapa con la camiseta argentina.<\/p>\n\n\n\n<p>&#8220;Me vaci\u00e9, ya no tengo m\u00e1s para dar&#8221;, expres\u00f3 el capit\u00e1n, quien tambi\u00e9n destac\u00f3 la aparici\u00f3n de nuevos futbolistas que vienen detr\u00e1s y que, seg\u00fan consider\u00f3, merecen ocupar ese lugar.<\/p>\n\n\n\n<h3 class=\"wp-block-heading\">Una despedida despu\u00e9s de una era inolvidable<\/h3>\n\n\n\n<p>La salida de Messi marca el final de una etapa hist\u00f3rica para el f\u00fatbol argentino. Durante su extensa trayectoria con la Selecci\u00f3n, el rosarino atraves\u00f3 momentos de enorme presi\u00f3n y varias finales perdidas, hasta conseguir los t\u00edtulos que marcaron definitivamente su legado.<\/p>\n\n\n\n<p>Entre sus principales conquistas se encuentran la Copa Am\u00e9rica 2021, la Finalissima 2022, el Mundial de Qatar 2022 y la Copa Am\u00e9rica 2024.<\/p>\n\n\n\n<p>Su despedida llega despu\u00e9s de la final del Mundial 2026, en la que Argentina cay\u00f3 ante Espa\u00f1a. Messi se marcha de la Selecci\u00f3n con registros hist\u00f3ricos: 207 partidos disputados y 125 goles, cifras que lo ubican como el m\u00e1ximo goleador y uno de los futbolistas con m\u00e1s presencias en la historia del seleccionado.<\/p>\n\n\n\n<p>En el cierre de su mensaje, el capit\u00e1n agradeci\u00f3 a sus compa\u00f1eros, entrenadores, dirigentes y especialmente a los hinchas que lo acompa\u00f1aron durante toda su carrera.<\/p>\n\n\n\n<p>Messi asegur\u00f3 que continuar\u00e1 alentando a la Selecci\u00f3n desde afuera, ahora como un hincha m\u00e1s, y cerr\u00f3 su despedida con una frase que resume su v\u00ednculo con el pa\u00eds: agradeci\u00f3 a Dios por haber nacido argentino.<\/p>\n","protected":false},"excerpt":{"rendered":"<p>Lionel Messi confirm\u00f3 este lunes su retiro definitivo de la Selecci\u00f3n Argentina. El capit\u00e1n de la Albiceleste comunic\u00f3 la decisi\u00f3n a trav\u00e9s de un emotivo mensaje publicado en sus redes sociales, poniendo fin a m\u00e1s de dos d\u00e9cadas vinculadas al equipo nacional. El futbolista explic\u00f3 que la decisi\u00f3n hab\u00eda sido tomada luego de la final [&hellip;]<\/p>\n","protected":false},"author":1,"featured_media":4783,"comment_status":"open","ping_status":"open","sticky":false,"template":"","format":"standard","meta":{"footnotes":""},"categories":[1],"tags":[],"class_list":["post-5321","post","type-post","status-publish","format-standard","has-post-thumbnail","hentry","category-politica"],"_links":{"self":[{"href":"https:\/\/laestaciononline.com.ar\/index.php?rest_route=\/wp\/v2\/posts\/5321","targetHints":{"allow":["GET"]}}],"collection":[{"href":"https:\/\/laestaciononline.com.ar\/index.php?rest_route=\/wp\/v2\/posts"}],"about":[{"href":"https:\/\/laestaciononline.com.ar\/index.php?rest_route=\/wp\/v2\/types\/post"}],"author":[{"embeddable":true,"href":"https:\/\/laestaciononline.com.ar\/index.php?rest_route=\/wp\/v2\/users\/1"}],"replies":[{"embeddable":true,"href":"https:\/\/laestaciononline.com.ar\/index.php?rest_route=%2Fwp%2Fv2%2Fcomments&post=5321"}],"version-history":[{"count":1,"href":"https:\/\/laestaciononline.com.ar\/index.php?rest_route=\/wp\/v2\/posts\/5321\/revisions"}],"predecessor-version":[{"id":5322,"href":"https:\/\/laestaciononline.com.ar\/index.php?rest_route=\/wp\/v2\/posts\/5321\/revisions\/5322"}],"wp:featuredmedia":[{"embeddable":true,"href":"https:\/\/laestaciononline.com.ar\/index.php?rest_route=\/wp\/v2\/media\/4783"}],"wp:attachment":[{"href":"https:\/\/laestaciononline.com.ar\/index.php?rest_route=%2Fwp%2Fv2%2Fmedia&parent=5321"}],"wp:term":[{"taxonomy":"category","embeddable":true,"href":"https:\/\/laestaciononline.com.ar\/index.php?rest_route=%2Fwp%2Fv2%2Fcategories&post=5321"},{"taxonomy":"post_tag","embeddable":true,"href":"https:\/\/laestaciononline.com.ar\/index.php?rest_route=%2Fwp%2Fv2%2Ftags&post=5321"}],"curies":[{"name":"wp","href":"https:\/\/api.w.org\/{rel}","templated":true}]}}