{"id":5323,"date":"2026-08-31T18:26:07","date_gmt":"2026-08-31T18:26:07","guid":{"rendered":"https:\/\/laestaciononline.com.ar\/?p=5323"},"modified":"2026-08-31T18:26:40","modified_gmt":"2026-08-31T18:26:40","slug":"una-biblioteca-ambiental-movil-llega-a-los-jardines-de-brown","status":"publish","type":"post","link":"https:\/\/laestaciononline.com.ar\/?p=5323","title":{"rendered":"Una biblioteca ambiental m\u00f3vil llega a los jardines de Brown"},"content":{"rendered":"\n<h1 class=\"wp-block-heading\"><\/h1>\n\n\n\n<p>El Municipio de Almirante Brown puso en marcha una <strong>Biblioteca Ambiental M\u00f3vil<\/strong> destinada a las salas de 5 a\u00f1os de los jardines de infantes del distrito.<\/p>\n\n\n\n<p>La propuesta cuenta con <strong>libros y juegos sobre especies nativas<\/strong>, para que ni\u00f1os y docentes puedan aprender sobre el ambiente de una manera l\u00fadica y participativa.<\/p>\n\n\n\n<p>El dispositivo fue presentado en el Jard\u00edn de Infantes \u201cHebe Maruco\u201d y ya puede ser solicitado por otros establecimientos educativos a trav\u00e9s del \u00e1rea de <strong>Educaci\u00f3n Ambiental Integral<\/strong> del Municipio.<\/p>\n\n\n\n<p>La iniciativa busca acercar desde los primeros a\u00f1os herramientas para conocer y valorar el ambiente y la biodiversidad local.<\/p>\n","protected":false},"excerpt":{"rendered":"<p>El Municipio de Almirante Brown puso en marcha una Biblioteca Ambiental M\u00f3vil destinada a las salas de 5 a\u00f1os de los jardines de infantes del distrito. La propuesta cuenta con libros y juegos sobre especies nativas, para que ni\u00f1os y docentes puedan aprender sobre el ambiente de una manera l\u00fadica y participativa. El dispositivo fue [&hellip;]<\/p>\n","protected":false},"author":1,"featured_media":5325,"comment_status":"open","ping_status":"open","sticky":false,"template":"","format":"standard","meta":{"footnotes":""},"categories":[1],"tags":[],"class_list":["post-5323","post","type-post","status-publish","format-standard","has-post-thumbnail","hentry","category-politica"],"_links":{"self":[{"href":"https:\/\/laestaciononline.com.ar\/index.php?rest_route=\/wp\/v2\/posts\/5323","targetHints":{"allow":["GET"]}}],"collection":[{"href":"https:\/\/laestaciononline.com.ar\/index.php?rest_route=\/wp\/v2\/posts"}],"about":[{"href":"https:\/\/laestaciononline.com.ar\/index.php?rest_route=\/wp\/v2\/types\/post"}],"author":[{"embeddable":true,"href":"https:\/\/laestaciononline.com.ar\/index.php?rest_route=\/wp\/v2\/users\/1"}],"replies":[{"embeddable":true,"href":"https:\/\/laestaciononline.com.ar\/index.php?rest_route=%2Fwp%2Fv2%2Fcomments&post=5323"}],"version-history":[{"count":1,"href":"https:\/\/laestaciononline.com.ar\/index.php?rest_route=\/wp\/v2\/posts\/5323\/revisions"}],"predecessor-version":[{"id":5324,"href":"https:\/\/laestaciononline.com.ar\/index.php?rest_route=\/wp\/v2\/posts\/5323\/revisions\/5324"}],"wp:featuredmedia":[{"embeddable":true,"href":"https:\/\/laestaciononline.com.ar\/index.php?rest_route=\/wp\/v2\/media\/5325"}],"wp:attachment":[{"href":"https:\/\/laestaciononline.com.ar\/index.php?rest_route=%2Fwp%2Fv2%2Fmedia&parent=5323"}],"wp:term":[{"taxonomy":"category","embeddable":true,"href":"https:\/\/laestaciononline.com.ar\/index.php?rest_route=%2Fwp%2Fv2%2Fcategories&post=5323"},{"taxonomy":"post_tag","embeddable":true,"href":"https:\/\/laestaciononline.com.ar\/index.php?rest_route=%2Fwp%2Fv2%2Ftags&post=5323"}],"curies":[{"name":"wp","href":"https:\/\/api.w.org\/{rel}","templated":true}]}}