{"id":5326,"date":"2026-08-31T18:32:14","date_gmt":"2026-08-31T18:32:14","guid":{"rendered":"https:\/\/laestaciononline.com.ar\/?p=5326"},"modified":"2026-08-31T18:32:58","modified_gmt":"2026-08-31T18:32:58","slug":"kicillof-acordo-con-la-pampa-un-plan-para-enfrentar-posibles-inundaciones","status":"publish","type":"post","link":"https:\/\/laestaciononline.com.ar\/?p=5326","title":{"rendered":"Kicillof acord\u00f3 con La Pampa un plan para enfrentar posibles inundaciones"},"content":{"rendered":"\n<p>Los gobernadores <strong>Axel Kicillof y Sergio Ziliotto<\/strong> acordaron avanzar en un trabajo conjunto para prevenir y responder ante posibles inundaciones y lluvias intensas asociadas al fen\u00f3meno clim\u00e1tico conocido como \u201cS\u00faper Ni\u00f1o\u201d.<\/p>\n\n\n\n<p>El entendimiento contempla la coordinaci\u00f3n de sistemas de <strong>monitoreo y alerta temprana<\/strong>, adem\u00e1s de la planificaci\u00f3n de obras destinadas a mejorar el manejo de los excedentes h\u00eddricos y las crecidas en la cuenca del r\u00edo Quinto, que comparten ambas provincias.<\/p>\n\n\n\n<p>Durante el encuentro, Kicillof y Ziliotto tambi\u00e9n reclamaron al Gobierno nacional la restituci\u00f3n de recursos del <strong>Fondo H\u00eddrico<\/strong>, destinados al financiamiento de obras para prevenir y atender emergencias vinculadas con el agua.<\/p>\n\n\n\n<p>La iniciativa se da en un contexto de preocupaci\u00f3n por el escenario clim\u00e1tico previsto para los pr\u00f3ximos meses. La Provincia de Buenos Aires ya puso en marcha un plan de contingencia que incluye monitoreo, prevenci\u00f3n y coordinaci\u00f3n con los municipios ante posibles fen\u00f3menos meteorol\u00f3gicos extremos.<\/p>\n\n\n\n<p>El objetivo del acuerdo es fortalecer la planificaci\u00f3n conjunta y mejorar la capacidad de respuesta frente a eventuales inundaciones, especialmente en las zonas vinculadas a las cuencas h\u00eddricas que atraviesan ambos territorios.<\/p>\n","protected":false},"excerpt":{"rendered":"<p>Los gobernadores Axel Kicillof y Sergio Ziliotto acordaron avanzar en un trabajo conjunto para prevenir y responder ante posibles inundaciones y lluvias intensas asociadas al fen\u00f3meno clim\u00e1tico conocido como \u201cS\u00faper Ni\u00f1o\u201d. El entendimiento contempla la coordinaci\u00f3n de sistemas de monitoreo y alerta temprana, adem\u00e1s de la planificaci\u00f3n de obras destinadas a mejorar el manejo de [&hellip;]<\/p>\n","protected":false},"author":1,"featured_media":5328,"comment_status":"open","ping_status":"open","sticky":false,"template":"","format":"standard","meta":{"footnotes":""},"categories":[1],"tags":[],"class_list":["post-5326","post","type-post","status-publish","format-standard","has-post-thumbnail","hentry","category-politica"],"_links":{"self":[{"href":"https:\/\/laestaciononline.com.ar\/index.php?rest_route=\/wp\/v2\/posts\/5326","targetHints":{"allow":["GET"]}}],"collection":[{"href":"https:\/\/laestaciononline.com.ar\/index.php?rest_route=\/wp\/v2\/posts"}],"about":[{"href":"https:\/\/laestaciononline.com.ar\/index.php?rest_route=\/wp\/v2\/types\/post"}],"author":[{"embeddable":true,"href":"https:\/\/laestaciononline.com.ar\/index.php?rest_route=\/wp\/v2\/users\/1"}],"replies":[{"embeddable":true,"href":"https:\/\/laestaciononline.com.ar\/index.php?rest_route=%2Fwp%2Fv2%2Fcomments&post=5326"}],"version-history":[{"count":1,"href":"https:\/\/laestaciononline.com.ar\/index.php?rest_route=\/wp\/v2\/posts\/5326\/revisions"}],"predecessor-version":[{"id":5327,"href":"https:\/\/laestaciononline.com.ar\/index.php?rest_route=\/wp\/v2\/posts\/5326\/revisions\/5327"}],"wp:featuredmedia":[{"embeddable":true,"href":"https:\/\/laestaciononline.com.ar\/index.php?rest_route=\/wp\/v2\/media\/5328"}],"wp:attachment":[{"href":"https:\/\/laestaciononline.com.ar\/index.php?rest_route=%2Fwp%2Fv2%2Fmedia&parent=5326"}],"wp:term":[{"taxonomy":"category","embeddable":true,"href":"https:\/\/laestaciononline.com.ar\/index.php?rest_route=%2Fwp%2Fv2%2Fcategories&post=5326"},{"taxonomy":"post_tag","embeddable":true,"href":"https:\/\/laestaciononline.com.ar\/index.php?rest_route=%2Fwp%2Fv2%2Ftags&post=5326"}],"curies":[{"name":"wp","href":"https:\/\/api.w.org\/{rel}","templated":true}]}}