{"id":5333,"date":"2026-09-01T13:21:37","date_gmt":"2026-09-01T13:21:37","guid":{"rendered":"https:\/\/laestaciononline.com.ar\/?p=5333"},"modified":"2026-09-01T14:28:19","modified_gmt":"2026-09-01T14:28:19","slug":"el-municipio-de-alte-brown-coordina-acciones-de-prevencion-ante-el-fenomeno-climatico-del-super-nino","status":"publish","type":"post","link":"https:\/\/laestaciononline.com.ar\/?p=5333","title":{"rendered":"El Municipio de Alte Brown coordina acciones de\u00a0prevenci\u00f3n ante el fen\u00f3meno clim\u00e1tico del S\u00faper Ni\u00f1o"},"content":{"rendered":"\n<p><\/p>\n\n\n\n<p>El Municipio de Almirante Brown llev\u00f3 adelante una reuni\u00f3n de todos sus equipos encabezada por Mariano Cascallares, el intendente interino Juan Fabiani y la jefa de Gabinete, Paula Eichel, con el objetivo de continuar fortaleciendo las pol\u00edticas p\u00fablicas de prevenci\u00f3n ante el fen\u00f3meno clim\u00e1tico del S\u00faper Ni\u00f1o.<\/p>\n\n\n\n<p>La reuni\u00f3n de trabajo se llev\u00f3 a cabo en el Centro de Operaciones Municipal (COM) de Burzaco con autoridades y representantes de todas las \u00e1reas del Municipio y delegados de las doce localidades brownianas, para evaluar y profundizar los protocolos vigentes para la prevenci\u00f3n y respuesta ante tormentas y situaciones clim\u00e1ticas adversas.<\/p>\n\n\n\n<p>En este marco, se defini\u00f3 continuar profundizando las tareas preventivas que se vienen desarrollando en los distintos barrios del distrito, con especial \u00e9nfasis en la desobstrucci\u00f3n de ductos, la limpieza y el mantenimiento de arroyos, y el fortalecimiento de los trabajos de infraestructura e hidr\u00e1ulica de cara a fin de a\u00f1o.<\/p>\n\n\n\n<p>Asimismo, se destac\u00f3 la importancia de fortalecer los sistemas de monitoreo y alerta temprana, junto con la coordinaci\u00f3n permanente entre las distintas \u00e1reas municipales y las delegaciones, con el objetivo de anticipar posibles situaciones de riesgo y mejorar la capacidad de respuesta ante eventuales fen\u00f3menos clim\u00e1ticos.<\/p>\n\n\n\n<p>\u201cEstamos trabajando con todas las \u00e1reas del Municipio para profundizar las tareas de prevenci\u00f3n y estar preparados ante cualquier situaci\u00f3n clim\u00e1tica adversa. Vamos a seguir fortaleciendo el monitoreo, las obras y los trabajos de limpieza y mantenimiento en los barrios, porque la prevenci\u00f3n y la presencia permanente en el territorio son fundamentales para cuidar a nuestros vecinos\u201d, sostuvo Mariano Cascallares.<\/p>\n\n\n\n<p>Cabe destacar que la reuni\u00f3n se enmarca en el encuentro que el gobernador de la Provincia de Buenos Aires, Axel Kicillof, mantuvo la semana pasada con intendentes bonaerenses para abordar las pol\u00edticas de prevenci\u00f3n y mitigaci\u00f3n frente al fen\u00f3meno del S\u00faper Ni\u00f1o.<\/p>\n\n\n\n<p>All\u00ed Axel Kicillok indic\u00f3 que &#8220;debemos prepararnos para un escenario que puede ser muy dif\u00edcil, dise\u00f1ar planes de contingencias, y comunicar con claridad para que las y los bonaerenses sepan que pueden producirse precipitaciones mucho m\u00e1s intensas que las habituales&#8221;.<\/p>\n","protected":false},"excerpt":{"rendered":"<p>El Municipio de Almirante Brown llev\u00f3 adelante una reuni\u00f3n de todos sus equipos encabezada por Mariano Cascallares, el intendente interino Juan Fabiani y la jefa de Gabinete, Paula Eichel, con el objetivo de continuar fortaleciendo las pol\u00edticas p\u00fablicas de prevenci\u00f3n ante el fen\u00f3meno clim\u00e1tico del S\u00faper Ni\u00f1o. La reuni\u00f3n de trabajo se llev\u00f3 a cabo [&hellip;]<\/p>\n","protected":false},"author":1,"featured_media":5335,"comment_status":"open","ping_status":"open","sticky":false,"template":"","format":"standard","meta":{"footnotes":""},"categories":[1],"tags":[],"class_list":["post-5333","post","type-post","status-publish","format-standard","has-post-thumbnail","hentry","category-politica"],"_links":{"self":[{"href":"https:\/\/laestaciononline.com.ar\/index.php?rest_route=\/wp\/v2\/posts\/5333","targetHints":{"allow":["GET"]}}],"collection":[{"href":"https:\/\/laestaciononline.com.ar\/index.php?rest_route=\/wp\/v2\/posts"}],"about":[{"href":"https:\/\/laestaciononline.com.ar\/index.php?rest_route=\/wp\/v2\/types\/post"}],"author":[{"embeddable":true,"href":"https:\/\/laestaciononline.com.ar\/index.php?rest_route=\/wp\/v2\/users\/1"}],"replies":[{"embeddable":true,"href":"https:\/\/laestaciononline.com.ar\/index.php?rest_route=%2Fwp%2Fv2%2Fcomments&post=5333"}],"version-history":[{"count":1,"href":"https:\/\/laestaciononline.com.ar\/index.php?rest_route=\/wp\/v2\/posts\/5333\/revisions"}],"predecessor-version":[{"id":5334,"href":"https:\/\/laestaciononline.com.ar\/index.php?rest_route=\/wp\/v2\/posts\/5333\/revisions\/5334"}],"wp:featuredmedia":[{"embeddable":true,"href":"https:\/\/laestaciononline.com.ar\/index.php?rest_route=\/wp\/v2\/media\/5335"}],"wp:attachment":[{"href":"https:\/\/laestaciononline.com.ar\/index.php?rest_route=%2Fwp%2Fv2%2Fmedia&parent=5333"}],"wp:term":[{"taxonomy":"category","embeddable":true,"href":"https:\/\/laestaciononline.com.ar\/index.php?rest_route=%2Fwp%2Fv2%2Fcategories&post=5333"},{"taxonomy":"post_tag","embeddable":true,"href":"https:\/\/laestaciononline.com.ar\/index.php?rest_route=%2Fwp%2Fv2%2Ftags&post=5333"}],"curies":[{"name":"wp","href":"https:\/\/api.w.org\/{rel}","templated":true}]}}