{"id":5352,"date":"2026-09-03T11:36:11","date_gmt":"2026-09-03T11:36:11","guid":{"rendered":"https:\/\/laestaciononline.com.ar\/?p=5352"},"modified":"2026-09-03T16:24:37","modified_gmt":"2026-09-03T16:24:37","slug":"leila-gianni-rompio-con-la-libertad-avanza-y-cuestiono-el-rumbo-del-gobierno","status":"publish","type":"post","link":"https:\/\/laestaciononline.com.ar\/?p=5352","title":{"rendered":"Leila Gianni rompi\u00f3 con La Libertad Avanza y cuestion\u00f3 el rumbo del Gobierno"},"content":{"rendered":"\n<h1 class=\"wp-block-heading\"><\/h1>\n\n\n\n<p>La concejala de La Matanza Leila Gianni anunci\u00f3 su salida de La Libertad Avanza y expres\u00f3 fuertes cr\u00edticas hacia el rumbo que tom\u00f3 el Gobierno de Javier Milei.<\/p>\n\n\n\n<p>A trav\u00e9s de un mensaje publicado en redes sociales, Gianni comunic\u00f3 una decisi\u00f3n que, seg\u00fan se\u00f1al\u00f3, fue profundamente meditada. En su planteo sostuvo que el espacio pol\u00edtico dej\u00f3 de representar algunas de las expectativas con las que hab\u00eda decidido acompa\u00f1arlo.<\/p>\n\n\n\n<p>Entre sus principales cuestionamientos, apunt\u00f3 contra la falta de escucha hacia las demandas de la sociedad y advirti\u00f3 que el Gobierno estar\u00eda alej\u00e1ndose de las necesidades concretas de los ciudadanos.<\/p>\n\n\n\n<p>\u201cNo se escucha al pueblo\u201d fue una de las expresiones utilizadas por la dirigente para explicar su decisi\u00f3n, en una cr\u00edtica que tambi\u00e9n alcanz\u00f3 al rumbo econ\u00f3mico y pol\u00edtico de la administraci\u00f3n nacional.<\/p>\n\n\n\n<p>Gianni, que anteriormente se desempe\u00f1\u00f3 como funcionaria del Ministerio de Capital Humano, confirm\u00f3 adem\u00e1s que continuar\u00e1 su actividad pol\u00edtica por fuera de La Libertad Avanza y anticip\u00f3 su incorporaci\u00f3n a un nuevo espacio.<\/p>\n\n\n\n<p>Su salida suma un nuevo cap\u00edtulo a las tensiones internas que atraviesan al oficialismo y adquiere particular relevancia en La Matanza, uno de los principales distritos electorales de la provincia de Buenos Aires.<\/p>\n","protected":false},"excerpt":{"rendered":"<p>La concejala de La Matanza Leila Gianni anunci\u00f3 su salida de La Libertad Avanza y expres\u00f3 fuertes cr\u00edticas hacia el rumbo que tom\u00f3 el Gobierno de Javier Milei. A trav\u00e9s de un mensaje publicado en redes sociales, Gianni comunic\u00f3 una decisi\u00f3n que, seg\u00fan se\u00f1al\u00f3, fue profundamente meditada. En su planteo sostuvo que el espacio pol\u00edtico [&hellip;]<\/p>\n","protected":false},"author":1,"featured_media":5354,"comment_status":"open","ping_status":"open","sticky":false,"template":"","format":"standard","meta":{"footnotes":""},"categories":[1],"tags":[],"class_list":["post-5352","post","type-post","status-publish","format-standard","has-post-thumbnail","hentry","category-politica"],"_links":{"self":[{"href":"https:\/\/laestaciononline.com.ar\/index.php?rest_route=\/wp\/v2\/posts\/5352","targetHints":{"allow":["GET"]}}],"collection":[{"href":"https:\/\/laestaciononline.com.ar\/index.php?rest_route=\/wp\/v2\/posts"}],"about":[{"href":"https:\/\/laestaciononline.com.ar\/index.php?rest_route=\/wp\/v2\/types\/post"}],"author":[{"embeddable":true,"href":"https:\/\/laestaciononline.com.ar\/index.php?rest_route=\/wp\/v2\/users\/1"}],"replies":[{"embeddable":true,"href":"https:\/\/laestaciononline.com.ar\/index.php?rest_route=%2Fwp%2Fv2%2Fcomments&post=5352"}],"version-history":[{"count":1,"href":"https:\/\/laestaciononline.com.ar\/index.php?rest_route=\/wp\/v2\/posts\/5352\/revisions"}],"predecessor-version":[{"id":5353,"href":"https:\/\/laestaciononline.com.ar\/index.php?rest_route=\/wp\/v2\/posts\/5352\/revisions\/5353"}],"wp:featuredmedia":[{"embeddable":true,"href":"https:\/\/laestaciononline.com.ar\/index.php?rest_route=\/wp\/v2\/media\/5354"}],"wp:attachment":[{"href":"https:\/\/laestaciononline.com.ar\/index.php?rest_route=%2Fwp%2Fv2%2Fmedia&parent=5352"}],"wp:term":[{"taxonomy":"category","embeddable":true,"href":"https:\/\/laestaciononline.com.ar\/index.php?rest_route=%2Fwp%2Fv2%2Fcategories&post=5352"},{"taxonomy":"post_tag","embeddable":true,"href":"https:\/\/laestaciononline.com.ar\/index.php?rest_route=%2Fwp%2Fv2%2Ftags&post=5352"}],"curies":[{"name":"wp","href":"https:\/\/api.w.org\/{rel}","templated":true}]}}