{"id":5355,"date":"2026-09-03T16:26:28","date_gmt":"2026-09-03T16:26:28","guid":{"rendered":"https:\/\/laestaciononline.com.ar\/?p=5355"},"modified":"2026-09-03T16:31:39","modified_gmt":"2026-09-03T16:31:39","slug":"alte-brown-y-lomas-de-zamora-proyectan-obras-y-mejoras-en-la-arteria-que-conecta-ambos-distritos","status":"publish","type":"post","link":"https:\/\/laestaciononline.com.ar\/?p=5355","title":{"rendered":"Alte Brown y Lomas de Zamora proyectan obras y mejoras en la arteria que conecta ambos distritos"},"content":{"rendered":"\n<p><\/p>\n\n\n\n<p>Los Municipios de Almirante Brown y de Lomas de Zamora avanzan en una agenda de trabajo conjunto para proyectar nuevas obras y mejoras en la calle 30 de Septiembre, tambi\u00e9n conocida como Divisoria, con el objetivo de fortalecer la infraestructura y mejorar la calidad de vida de las vecinas y vecinos de la zona justo en el l\u00edmite entre ambos distritos.<\/p>\n\n\n\n<p>En este marco, la jefa de Gabinete de Almirante Brown, Paula Eichel, mantuvo una reuni\u00f3n y recorrida de trabajo con su par de Lomas de Zamora, Sol Tischik, para analizar distintas intervenciones que permitan optimizar las condiciones de circulaci\u00f3n y el entorno urbano a lo largo de esta importante traza que conecta a Lomas con Brown.<\/p>\n\n\n\n<p>Durante el encuentro tambi\u00e9n participaron integrantes de los equipos de Obras P\u00fablicas de ambos municipios, quienes intercambiaron propuestas y analizaron las necesidades de infraestructura existentes en el sector, con el prop\u00f3sito de avanzar en una planificaci\u00f3n articulada.<\/p>\n\n\n\n<p>Entre los principales temas abordados se destac\u00f3 la posibilidad de impulsar nuevas obras viales para mejorar la traza, como bacheos; tambi\u00e9n crear un paseo tem\u00e1tico y mejoras de iluminaci\u00f3n, todo destinado a mejorar la transitabilidad, la identidad de esta calle que conecta ambos distritos, fortalecer la seguridad y acompa\u00f1ar el crecimiento urbano de la zona.<\/p>\n\n\n\n<p>\u201cSeguimos trabajando articulando con el Municipio de Lomas de Zamora para proyectar y articular obras que beneficien a los vecinos. En este caso, sobre la calle 30 de Septiembre, con el foco puesto en generar mejor accesibilidad y conectividad\u201d, sostuvo al respecto Mariano Cascallares.<\/p>\n","protected":false},"excerpt":{"rendered":"<p>Los Municipios de Almirante Brown y de Lomas de Zamora avanzan en una agenda de trabajo conjunto para proyectar nuevas obras y mejoras en la calle 30 de Septiembre, tambi\u00e9n conocida como Divisoria, con el objetivo de fortalecer la infraestructura y mejorar la calidad de vida de las vecinas y vecinos de la zona justo [&hellip;]<\/p>\n","protected":false},"author":1,"featured_media":5357,"comment_status":"open","ping_status":"open","sticky":false,"template":"","format":"standard","meta":{"footnotes":""},"categories":[1],"tags":[],"class_list":["post-5355","post","type-post","status-publish","format-standard","has-post-thumbnail","hentry","category-politica"],"_links":{"self":[{"href":"https:\/\/laestaciononline.com.ar\/index.php?rest_route=\/wp\/v2\/posts\/5355","targetHints":{"allow":["GET"]}}],"collection":[{"href":"https:\/\/laestaciononline.com.ar\/index.php?rest_route=\/wp\/v2\/posts"}],"about":[{"href":"https:\/\/laestaciononline.com.ar\/index.php?rest_route=\/wp\/v2\/types\/post"}],"author":[{"embeddable":true,"href":"https:\/\/laestaciononline.com.ar\/index.php?rest_route=\/wp\/v2\/users\/1"}],"replies":[{"embeddable":true,"href":"https:\/\/laestaciononline.com.ar\/index.php?rest_route=%2Fwp%2Fv2%2Fcomments&post=5355"}],"version-history":[{"count":1,"href":"https:\/\/laestaciononline.com.ar\/index.php?rest_route=\/wp\/v2\/posts\/5355\/revisions"}],"predecessor-version":[{"id":5356,"href":"https:\/\/laestaciononline.com.ar\/index.php?rest_route=\/wp\/v2\/posts\/5355\/revisions\/5356"}],"wp:featuredmedia":[{"embeddable":true,"href":"https:\/\/laestaciononline.com.ar\/index.php?rest_route=\/wp\/v2\/media\/5357"}],"wp:attachment":[{"href":"https:\/\/laestaciononline.com.ar\/index.php?rest_route=%2Fwp%2Fv2%2Fmedia&parent=5355"}],"wp:term":[{"taxonomy":"category","embeddable":true,"href":"https:\/\/laestaciononline.com.ar\/index.php?rest_route=%2Fwp%2Fv2%2Fcategories&post=5355"},{"taxonomy":"post_tag","embeddable":true,"href":"https:\/\/laestaciononline.com.ar\/index.php?rest_route=%2Fwp%2Fv2%2Ftags&post=5355"}],"curies":[{"name":"wp","href":"https:\/\/api.w.org\/{rel}","templated":true}]}}