{"id":5358,"date":"2026-09-03T16:49:49","date_gmt":"2026-09-03T16:49:49","guid":{"rendered":"https:\/\/laestaciononline.com.ar\/?p=5358"},"modified":"2026-09-03T16:49:49","modified_gmt":"2026-09-03T16:49:49","slug":"la-unla-se-prepara-para-una-nueva-edicion-de-expo-luthiers","status":"publish","type":"post","link":"https:\/\/laestaciononline.com.ar\/?p=5358","title":{"rendered":"La UNLa se prepara para una nueva edici\u00f3n de Expo Luthiers"},"content":{"rendered":"\n<h3 class=\"wp-block-heading\"><\/h3>\n\n\n\n<p>La Universidad Nacional de Lan\u00fas ser\u00e1 escenario de la 9\u00b0 edici\u00f3n de Expo Luthiers, un encuentro que reunir\u00e1 durante dos jornadas a fabricantes de instrumentos, m\u00fasicos y artistas.<\/p>\n\n\n\n<p>La actividad se realizar\u00e1 el viernes 4 y s\u00e1bado 5 de septiembre, desde las 14 horas, en el edificio Jos\u00e9 Hern\u00e1ndez de la UNLa, en Remedios de Escalada. La propuesta incluir\u00e1 exhibici\u00f3n de instrumentos, m\u00fasica en vivo y la participaci\u00f3n de destacados artistas.<\/p>\n\n\n\n<p>El evento, que ya se convirti\u00f3 en una propuesta destacada para los amantes de la m\u00fasica y la construcci\u00f3n de instrumentos, tendr\u00e1 <strong>entrada libre y gratuita<\/strong>.<\/p>\n","protected":false},"excerpt":{"rendered":"<p>La Universidad Nacional de Lan\u00fas ser\u00e1 escenario de la 9\u00b0 edici\u00f3n de Expo Luthiers, un encuentro que reunir\u00e1 durante dos jornadas a fabricantes de instrumentos, m\u00fasicos y artistas. La actividad se realizar\u00e1 el viernes 4 y s\u00e1bado 5 de septiembre, desde las 14 horas, en el edificio Jos\u00e9 Hern\u00e1ndez de la UNLa, en Remedios de [&hellip;]<\/p>\n","protected":false},"author":1,"featured_media":0,"comment_status":"open","ping_status":"open","sticky":false,"template":"","format":"standard","meta":{"footnotes":""},"categories":[1],"tags":[],"class_list":["post-5358","post","type-post","status-publish","format-standard","hentry","category-politica"],"_links":{"self":[{"href":"https:\/\/laestaciononline.com.ar\/index.php?rest_route=\/wp\/v2\/posts\/5358","targetHints":{"allow":["GET"]}}],"collection":[{"href":"https:\/\/laestaciononline.com.ar\/index.php?rest_route=\/wp\/v2\/posts"}],"about":[{"href":"https:\/\/laestaciononline.com.ar\/index.php?rest_route=\/wp\/v2\/types\/post"}],"author":[{"embeddable":true,"href":"https:\/\/laestaciononline.com.ar\/index.php?rest_route=\/wp\/v2\/users\/1"}],"replies":[{"embeddable":true,"href":"https:\/\/laestaciononline.com.ar\/index.php?rest_route=%2Fwp%2Fv2%2Fcomments&post=5358"}],"version-history":[{"count":1,"href":"https:\/\/laestaciononline.com.ar\/index.php?rest_route=\/wp\/v2\/posts\/5358\/revisions"}],"predecessor-version":[{"id":5359,"href":"https:\/\/laestaciononline.com.ar\/index.php?rest_route=\/wp\/v2\/posts\/5358\/revisions\/5359"}],"wp:attachment":[{"href":"https:\/\/laestaciononline.com.ar\/index.php?rest_route=%2Fwp%2Fv2%2Fmedia&parent=5358"}],"wp:term":[{"taxonomy":"category","embeddable":true,"href":"https:\/\/laestaciononline.com.ar\/index.php?rest_route=%2Fwp%2Fv2%2Fcategories&post=5358"},{"taxonomy":"post_tag","embeddable":true,"href":"https:\/\/laestaciononline.com.ar\/index.php?rest_route=%2Fwp%2Fv2%2Ftags&post=5358"}],"curies":[{"name":"wp","href":"https:\/\/api.w.org\/{rel}","templated":true}]}}