{"id":5360,"date":"2026-09-04T11:01:27","date_gmt":"2026-09-04T11:01:27","guid":{"rendered":"https:\/\/laestaciononline.com.ar\/?p=5360"},"modified":"2026-09-04T11:01:27","modified_gmt":"2026-09-04T11:01:27","slug":"milei-anuncio-nuevas-medidas-por-malvinas-y-prepara-un-paquete-de-leyes-para-el-congreso","status":"publish","type":"post","link":"https:\/\/laestaciononline.com.ar\/?p=5360","title":{"rendered":"Milei anunci\u00f3 nuevas medidas por Malvinas y prepara un paquete de leyes para el Congreso"},"content":{"rendered":"\n<h1 class=\"wp-block-heading\"><\/h1>\n\n\n\n<p>El Gobierno de Javier Milei anunci\u00f3 una serie de medidas destinadas a reforzar el reclamo argentino de soberan\u00eda sobre las Islas Malvinas, en medio de la preocupaci\u00f3n oficial por el avance de proyectos de explotaci\u00f3n de recursos naturales en la zona.<\/p>\n\n\n\n<p>El Presidente realiz\u00f3 el anuncio durante una cadena nacional, acompa\u00f1ado por integrantes de su Gabinete, y confirm\u00f3 que enviar\u00e1 al Congreso un paquete de proyectos orientados a fortalecer las herramientas del Estado para defender los intereses argentinos en el Atl\u00e1ntico Sur.<\/p>\n\n\n\n<p>Entre las iniciativas se encuentra un proyecto de <strong>Ley de Defensa de la Soberan\u00eda Nacional<\/strong>, que contempla la creaci\u00f3n de un Consejo de Seguridad Nacional encargado de coordinar pol\u00edticas vinculadas con la defensa y la seguridad del territorio.<\/p>\n\n\n\n<p>La propuesta tambi\u00e9n incluye un r\u00e9gimen de protecci\u00f3n de infraestructuras cr\u00edticas y medidas destinadas a reforzar las capacidades aeroespaciales y mar\u00edtimas del pa\u00eds.<\/p>\n\n\n\n<h3 class=\"wp-block-heading\">Sanciones a empresas que exploten recursos<\/h3>\n\n\n\n<p>Uno de los principales puntos anunciados por Milei est\u00e1 relacionado con las empresas extranjeras que participan o pretendan participar de actividades hidrocarbur\u00edferas en \u00e1reas vinculadas con la disputa de soberan\u00eda.<\/p>\n\n\n\n<p>El Gobierno anticip\u00f3 un endurecimiento de las sanciones previstas por la legislaci\u00f3n argentina y una ampliaci\u00f3n de las consecuencias administrativas y penales para las compa\u00f1\u00edas involucradas, incluyendo a aquellas que presten servicios a empresas que realicen estas actividades.<\/p>\n\n\n\n<p>La decisi\u00f3n est\u00e1 vinculada especialmente al proyecto petrolero <strong>Sea Lion<\/strong>, ubicado en la Cuenca Malvinas Norte. Las autoridades argentinas cuestionan la explotaci\u00f3n de recursos en esa zona al considerar que se realiza de manera unilateral en un territorio cuya soberan\u00eda se encuentra en disputa.<\/p>\n\n\n\n<p>Adem\u00e1s, el Ejecutivo anunci\u00f3 modificaciones en los procedimientos administrativos relacionados con actividades hidrocarbur\u00edferas y el R\u00e9gimen de Incentivo para Grandes Inversiones (RIGI), con el objetivo de evitar que empresas sancionadas puedan acceder a determinados beneficios o realizar actividades sin autorizaci\u00f3n argentina.<\/p>\n\n\n\n<h3 class=\"wp-block-heading\">Una nueva base naval en Tierra del Fuego<\/h3>\n\n\n\n<p>Otro de los anuncios centrales fue la decisi\u00f3n de avanzar con una <strong>Base Naval Integrada en Tierra del Fuego<\/strong>.<\/p>\n\n\n\n<p>Seg\u00fan explic\u00f3 el Presidente, la iniciativa estar\u00e1 acompa\u00f1ada por un incremento de los recursos destinados al Ministerio de Defensa y por un fortalecimiento de las capacidades de telecomunicaciones.<\/p>\n\n\n\n<p>El objetivo planteado por el Gobierno es aumentar la presencia argentina en el Atl\u00e1ntico Sur y convertir a Tierra del Fuego en un punto estrat\u00e9gico para las operaciones y la log\u00edstica de la regi\u00f3n.<\/p>\n\n\n\n<h3 class=\"wp-block-heading\">Milei: \u201cMalvinas es una causa nacional\u201d<\/h3>\n\n\n\n<p>Durante su discurso, el Presidente insisti\u00f3 en que el reclamo por las Islas Malvinas debe mantenerse como una pol\u00edtica de Estado y no quedar asociado exclusivamente a una administraci\u00f3n o partido pol\u00edtico.<\/p>\n\n\n\n<p>En ese sentido, sostuvo que la defensa de la soberan\u00eda requiere una estrategia de largo plazo y una coordinaci\u00f3n entre Defensa, Seguridad, Inteligencia, Canciller\u00eda y Econom\u00eda.<\/p>\n\n\n\n<p>El anuncio se produjo luego de que en los \u00faltimos d\u00edas la cuesti\u00f3n Malvinas volviera a ocupar el centro de la agenda internacional, a partir de declaraciones del presidente de Estados Unidos, Donald Trump, sobre la posici\u00f3n de su pa\u00eds frente a la disputa entre Argentina y el Reino Unido.<\/p>\n\n\n\n<p>Con estas medidas, el Gobierno busca reforzar el reclamo argentino mediante herramientas diplom\u00e1ticas, econ\u00f3micas, jur\u00eddicas y de defensa, mientras la explotaci\u00f3n petrolera en aguas pr\u00f3ximas a las islas vuelve a generar tensi\u00f3n en torno a la disputa de soberan\u00eda.<\/p>\n","protected":false},"excerpt":{"rendered":"<p>El Gobierno de Javier Milei anunci\u00f3 una serie de medidas destinadas a reforzar el reclamo argentino de soberan\u00eda sobre las Islas Malvinas, en medio de la preocupaci\u00f3n oficial por el avance de proyectos de explotaci\u00f3n de recursos naturales en la zona. El Presidente realiz\u00f3 el anuncio durante una cadena nacional, acompa\u00f1ado por integrantes de su [&hellip;]<\/p>\n","protected":false},"author":1,"featured_media":0,"comment_status":"open","ping_status":"open","sticky":false,"template":"","format":"standard","meta":{"footnotes":""},"categories":[1],"tags":[],"class_list":["post-5360","post","type-post","status-publish","format-standard","hentry","category-politica"],"_links":{"self":[{"href":"https:\/\/laestaciononline.com.ar\/index.php?rest_route=\/wp\/v2\/posts\/5360","targetHints":{"allow":["GET"]}}],"collection":[{"href":"https:\/\/laestaciononline.com.ar\/index.php?rest_route=\/wp\/v2\/posts"}],"about":[{"href":"https:\/\/laestaciononline.com.ar\/index.php?rest_route=\/wp\/v2\/types\/post"}],"author":[{"embeddable":true,"href":"https:\/\/laestaciononline.com.ar\/index.php?rest_route=\/wp\/v2\/users\/1"}],"replies":[{"embeddable":true,"href":"https:\/\/laestaciononline.com.ar\/index.php?rest_route=%2Fwp%2Fv2%2Fcomments&post=5360"}],"version-history":[{"count":1,"href":"https:\/\/laestaciononline.com.ar\/index.php?rest_route=\/wp\/v2\/posts\/5360\/revisions"}],"predecessor-version":[{"id":5361,"href":"https:\/\/laestaciononline.com.ar\/index.php?rest_route=\/wp\/v2\/posts\/5360\/revisions\/5361"}],"wp:attachment":[{"href":"https:\/\/laestaciononline.com.ar\/index.php?rest_route=%2Fwp%2Fv2%2Fmedia&parent=5360"}],"wp:term":[{"taxonomy":"category","embeddable":true,"href":"https:\/\/laestaciononline.com.ar\/index.php?rest_route=%2Fwp%2Fv2%2Fcategories&post=5360"},{"taxonomy":"post_tag","embeddable":true,"href":"https:\/\/laestaciononline.com.ar\/index.php?rest_route=%2Fwp%2Fv2%2Ftags&post=5360"}],"curies":[{"name":"wp","href":"https:\/\/api.w.org\/{rel}","templated":true}]}}