{"id":5368,"date":"2026-09-05T12:51:04","date_gmt":"2026-09-05T12:51:04","guid":{"rendered":"https:\/\/laestaciononline.com.ar\/?p=5368"},"modified":"2026-09-05T12:51:29","modified_gmt":"2026-09-05T12:51:29","slug":"entregaron-certificados-de-cursos-y-talleres-de-la-granja-educativa-municipal-de-alte-brown","status":"publish","type":"post","link":"https:\/\/laestaciononline.com.ar\/?p=5368","title":{"rendered":"Entregaron certificados de cursos y talleres de la Granja Educativa Municipal de Alte Brown"},"content":{"rendered":"\n<p><\/p>\n\n\n\n<p>El Municipio de Almirante Brown entreg\u00f3 102 certificados a vecinos que finalizaron los cursos y talleres correspondientes al primer per\u00edodo formativo de 2026 de la Granja Educativa Municipal, en una jornada que fue encabezada por el intendente interino Juan Fabiani y la jefa de Gabinete Municipal Paula Eichel.<\/p>\n\n\n\n<p>Los trayectos formativos se desarrollaron entre el 7 de marzo y el 4 de julio, en el marco de la propuesta impulsada por el \u00c1rea de Formaci\u00f3n de la Granja Educativa Municipal. Durante el encuentro se reconoci\u00f3 a quienes completaron las distintas instancias de capacitaci\u00f3n, destacando su compromiso y participaci\u00f3n.<\/p>\n\n\n\n<p>En esta primera etapa se dictaron siete propuestas formativas: Huerta Agroecol\u00f3gica Urbana, que cont\u00f3 con 14 egresados y egresadas; Jardines Aut\u00f3ctonos para Mariposas, con 13; Introducci\u00f3n a la Flora Aut\u00f3ctona, con 13; Usos y Aplicaciones de las Especies Aut\u00f3ctonas al Dise\u00f1o de Biorestauraci\u00f3n, con 5; Producci\u00f3n de Biofertilizantes, con 12; Manejo y Gesti\u00f3n de \u00c1reas Naturales Pristinas, con 15; y Alimentaci\u00f3n Con(s)ciencia: Elaboraci\u00f3n y Producci\u00f3n, con 30 egresados y egresadas.<\/p>\n\n\n\n<p>La jornada tambi\u00e9n permiti\u00f3 presentar el segundo per\u00edodo formativo de 2026, dando continuidad a la propuesta de capacitaci\u00f3n gratuita que se desarrolla en la Granja. En este marco, actualmente son 168 las personas preinscriptas a los nuevos trayectos formativos.<\/p>\n\n\n\n<p>Durante el encuentro inicial se brind\u00f3 informaci\u00f3n sobre las modalidades y din\u00e1micas de cursada, los contenidos generales de las propuestas, las instancias pr\u00e1cticas previstas y la organizaci\u00f3n de los encuentros. Los cursos que se desarrollar\u00e1n son&nbsp;&nbsp;Huerta Agroecol\u00f3gica Urbana, Jardines Aut\u00f3ctonos para Mariposas, Producci\u00f3n de Biofertilizantes e Introducci\u00f3n a la Apicultura Periurbana.<\/p>\n\n\n\n<p>Cabe destacar que la Granja de Ministro Rivadavia ofrece una variada agenda de cursos y talleres presenciales, te\u00f3rico-pr\u00e1cticos y gratuitos, que se desarrollan en el propio predio y abordan principalmente tem\u00e1ticas vinculadas con la sustentabilidad, la soberan\u00eda alimentaria, la producci\u00f3n y la biodiversidad.<\/p>\n\n\n\n<p>&#8220;Las propuestas buscan promover el acceso a espacios de formaci\u00f3n y aprendizaje para vecinos de Almirante Brown, fortaleciendo conocimientos y herramientas vinculadas con el ambiente, la producci\u00f3n sustentable y el cuidado de la biodiversidad&#8221;, indic\u00f3 Mariano Cascallares.<\/p>\n\n\n\n<p>Desde la Comuna indicaron que las preinscripciones se habilitan al inicio de cada ciclo formativo mediante un formulario digital difundido a trav\u00e9s de los canales oficiales. Posteriormente, el proceso se valida mediante una charla introductoria obligatoria en las instalaciones de la Granja, donde los participantes completan la documentaci\u00f3n requerida.<\/p>\n","protected":false},"excerpt":{"rendered":"<p>El Municipio de Almirante Brown entreg\u00f3 102 certificados a vecinos que finalizaron los cursos y talleres correspondientes al primer per\u00edodo formativo de 2026 de la Granja Educativa Municipal, en una jornada que fue encabezada por el intendente interino Juan Fabiani y la jefa de Gabinete Municipal Paula Eichel. Los trayectos formativos se desarrollaron entre el [&hellip;]<\/p>\n","protected":false},"author":1,"featured_media":5370,"comment_status":"open","ping_status":"open","sticky":false,"template":"","format":"standard","meta":{"footnotes":""},"categories":[1],"tags":[],"class_list":["post-5368","post","type-post","status-publish","format-standard","has-post-thumbnail","hentry","category-politica"],"_links":{"self":[{"href":"https:\/\/laestaciononline.com.ar\/index.php?rest_route=\/wp\/v2\/posts\/5368","targetHints":{"allow":["GET"]}}],"collection":[{"href":"https:\/\/laestaciononline.com.ar\/index.php?rest_route=\/wp\/v2\/posts"}],"about":[{"href":"https:\/\/laestaciononline.com.ar\/index.php?rest_route=\/wp\/v2\/types\/post"}],"author":[{"embeddable":true,"href":"https:\/\/laestaciononline.com.ar\/index.php?rest_route=\/wp\/v2\/users\/1"}],"replies":[{"embeddable":true,"href":"https:\/\/laestaciononline.com.ar\/index.php?rest_route=%2Fwp%2Fv2%2Fcomments&post=5368"}],"version-history":[{"count":1,"href":"https:\/\/laestaciononline.com.ar\/index.php?rest_route=\/wp\/v2\/posts\/5368\/revisions"}],"predecessor-version":[{"id":5369,"href":"https:\/\/laestaciononline.com.ar\/index.php?rest_route=\/wp\/v2\/posts\/5368\/revisions\/5369"}],"wp:featuredmedia":[{"embeddable":true,"href":"https:\/\/laestaciononline.com.ar\/index.php?rest_route=\/wp\/v2\/media\/5370"}],"wp:attachment":[{"href":"https:\/\/laestaciononline.com.ar\/index.php?rest_route=%2Fwp%2Fv2%2Fmedia&parent=5368"}],"wp:term":[{"taxonomy":"category","embeddable":true,"href":"https:\/\/laestaciononline.com.ar\/index.php?rest_route=%2Fwp%2Fv2%2Fcategories&post=5368"},{"taxonomy":"post_tag","embeddable":true,"href":"https:\/\/laestaciononline.com.ar\/index.php?rest_route=%2Fwp%2Fv2%2Ftags&post=5368"}],"curies":[{"name":"wp","href":"https:\/\/api.w.org\/{rel}","templated":true}]}}