{"id":5371,"date":"2026-09-05T18:10:35","date_gmt":"2026-09-05T18:10:35","guid":{"rendered":"https:\/\/laestaciononline.com.ar\/?p=5371"},"modified":"2026-09-05T18:10:35","modified_gmt":"2026-09-05T18:10:35","slug":"el-massismo-cuestiona-a-kicillof-y-propone-postergar-la-eleccion-de-jueces-de-la-suprema-corte","status":"publish","type":"post","link":"https:\/\/laestaciononline.com.ar\/?p=5371","title":{"rendered":"El massismo cuestiona a Kicillof y propone postergar la elecci\u00f3n de jueces de la Suprema Corte"},"content":{"rendered":"\n<h3 class=\"wp-block-heading\"><\/h3>\n\n\n\n<p>La interna pol\u00edtica en la provincia de Buenos Aires suma un nuevo cap\u00edtulo en torno a la conformaci\u00f3n de la Suprema Corte bonaerense. Desde el Frente Renovador, la diputada provincial Sof\u00eda Vannelli plante\u00f3 que los pr\u00f3ximos integrantes del m\u00e1ximo tribunal deber\u00edan ser propuestos por la futura gesti\u00f3n y no por el actual gobernador Axel Kicillof.<\/p>\n\n\n\n<p>La legisladora sostuvo que, debido a que Kicillof se encuentra transitando la \u00faltima etapa de su segundo mandato, ser\u00eda conveniente que la pr\u00f3xima administraci\u00f3n sea la encargada de elevar las ternas para cubrir las vacantes existentes en la Corte.<\/p>\n\n\n\n<p>La postura del massismo se conoce mientras contin\u00faa trabada la negociaci\u00f3n pol\u00edtica para completar la integraci\u00f3n del m\u00e1ximo tribunal. La Suprema Corte viene reclamando la cobertura de los cargos vacantes, debido al impacto que genera la falta de ministros en el funcionamiento de la Justicia.<\/p>\n\n\n\n<p>El tema tambi\u00e9n se vincula con la discusi\u00f3n por los numerosos cargos judiciales pendientes de cobertura. El Ejecutivo bonaerense prepara el env\u00edo al Senado de alrededor de 200 pliegos, aunque la designaci\u00f3n de los integrantes de la Suprema Corte contin\u00faa sin acuerdo entre los distintos sectores pol\u00edticos.<\/p>\n\n\n\n<p>Durante un encuentro de funcionarios del Poder Judicial realizado en Mercedes, Vannelli tambi\u00e9n se refiri\u00f3 a la necesidad de modificar el funcionamiento del Consejo de la Magistratura. Seg\u00fan se\u00f1al\u00f3, existen actualmente unas 360 vacantes judiciales y distintas propuestas para mejorar los concursos, la composici\u00f3n del organismo, el sistema de suplencias y la paridad de g\u00e9nero.<\/p>\n\n\n\n<p>De esta manera, la posici\u00f3n del Frente Renovador agrega presi\u00f3n a una negociaci\u00f3n que todav\u00eda no logr\u00f3 destrabarse y plantea que la definici\u00f3n sobre la integraci\u00f3n de la Suprema Corte quede en manos de quien asuma la gobernaci\u00f3n en el pr\u00f3ximo per\u00edodo.<\/p>\n","protected":false},"excerpt":{"rendered":"<p>La interna pol\u00edtica en la provincia de Buenos Aires suma un nuevo cap\u00edtulo en torno a la conformaci\u00f3n de la Suprema Corte bonaerense. Desde el Frente Renovador, la diputada provincial Sof\u00eda Vannelli plante\u00f3 que los pr\u00f3ximos integrantes del m\u00e1ximo tribunal deber\u00edan ser propuestos por la futura gesti\u00f3n y no por el actual gobernador Axel Kicillof. [&hellip;]<\/p>\n","protected":false},"author":1,"featured_media":0,"comment_status":"open","ping_status":"open","sticky":false,"template":"","format":"standard","meta":{"footnotes":""},"categories":[1],"tags":[],"class_list":["post-5371","post","type-post","status-publish","format-standard","hentry","category-politica"],"_links":{"self":[{"href":"https:\/\/laestaciononline.com.ar\/index.php?rest_route=\/wp\/v2\/posts\/5371","targetHints":{"allow":["GET"]}}],"collection":[{"href":"https:\/\/laestaciononline.com.ar\/index.php?rest_route=\/wp\/v2\/posts"}],"about":[{"href":"https:\/\/laestaciononline.com.ar\/index.php?rest_route=\/wp\/v2\/types\/post"}],"author":[{"embeddable":true,"href":"https:\/\/laestaciononline.com.ar\/index.php?rest_route=\/wp\/v2\/users\/1"}],"replies":[{"embeddable":true,"href":"https:\/\/laestaciononline.com.ar\/index.php?rest_route=%2Fwp%2Fv2%2Fcomments&post=5371"}],"version-history":[{"count":1,"href":"https:\/\/laestaciononline.com.ar\/index.php?rest_route=\/wp\/v2\/posts\/5371\/revisions"}],"predecessor-version":[{"id":5372,"href":"https:\/\/laestaciononline.com.ar\/index.php?rest_route=\/wp\/v2\/posts\/5371\/revisions\/5372"}],"wp:attachment":[{"href":"https:\/\/laestaciononline.com.ar\/index.php?rest_route=%2Fwp%2Fv2%2Fmedia&parent=5371"}],"wp:term":[{"taxonomy":"category","embeddable":true,"href":"https:\/\/laestaciononline.com.ar\/index.php?rest_route=%2Fwp%2Fv2%2Fcategories&post=5371"},{"taxonomy":"post_tag","embeddable":true,"href":"https:\/\/laestaciononline.com.ar\/index.php?rest_route=%2Fwp%2Fv2%2Ftags&post=5371"}],"curies":[{"name":"wp","href":"https:\/\/api.w.org\/{rel}","templated":true}]}}