{"id":6,"date":"2023-09-26T18:54:00","date_gmt":"2023-09-26T18:54:00","guid":{"rendered":"https:\/\/laestaciononline.com.ar\/?p=6"},"modified":"2024-09-28T10:43:14","modified_gmt":"2024-09-28T10:43:14","slug":"extienden-el-acuerdo-con-panaderos-y-continuan-los-descuentos-del-20-por-ciento-en-pan-y-facturas","status":"publish","type":"post","link":"https:\/\/laestaciononline.com.ar\/?p=6","title":{"rendered":"Extienden el acuerdo con panaderos y contin\u00faan los descuentos del 20 por ciento en pan y facturas"},"content":{"rendered":"\n<p><\/p>\n\n\n\n<p><p>El Municipio de Almirante Brown inform\u00f3 que extendieron el&nbsp;Acuerdo&nbsp;de Precios con panader\u00edas del distrito para que las vecinas y vecinos puedan adquirir pan y facturas con un 20 por ciento de descuento.<\/p> <!--more-->\n\n\n\n<p>Se trata del&nbsp;acuerdo sellado a principios de a\u00f1o con el Centro Industrial de Panaderos de Almirante Brown (C.I.P.A.B), gracias al trabajo articulado con la Secretar\u00eda de Producci\u00f3n, Empleo y Formaci\u00f3n Profesional, y que incluye casi 30 panader\u00edas y confiter\u00edas de diferentes barrios y localidades.<\/p>\n\n\n\n<p>\u201cEstamos muy contentos de anunciar que en Almirante Brown seguimos impulsando este importante acuerdo de precios con panader\u00edas de todas las localidades cuidando el bolsillo de nuestras vecinas y vecinos\u201d, destac\u00f3 el intendente Mariano Cascallares, quien subray\u00f3 la importancia de \u201cpotenciar tambi\u00e9n el desarrollo de comerciantes y pymes\u201d.<\/p>\n\n\n\n<p>De esta manera, las familias del distrito podr\u00e1n acceder al descuento del 20 por ciento en pan y facturas, cuyo valor en la gran mayor\u00eda de los comercios queda en $2.000 y $4.500, respectivamente, siendo uno de los precios m\u00e1s accesibles en estos productos de la regi\u00f3n.<\/p>\n\n\n\n<p>Las panader\u00edas y comercios adheridos al nuevo&nbsp;Acuerdo&nbsp;de Precios son:<\/p>\n\n\n\n<p>\u2022Adrogu\u00e9:<\/p>\n\n\n\n<p>Summus (Esteban Adrogu\u00e9 N\u00b01092)<\/p>\n\n\n\n<p>Erezcano (Erezcano N\u00b01665)<\/p>\n\n\n\n<p>Peniel (Segu\u00ed N\u00b091)<\/p>\n\n\n\n<p>&nbsp;\u2022Burzaco<\/p>\n\n\n\n<p>Florencia (Alsina N\u00b0400)<\/p>\n\n\n\n<p>Modelo (25 de Mayo y Arist\u00f3bulo del Valle)<\/p>\n\n\n\n<p>\u2022Claypole<\/p>\n\n\n\n<p>San Jos\u00e9 (Salaberry N\u00b01113)<\/p>\n\n\n\n<p>Tripodi (Tripodi y Uruguay)<\/p>\n\n\n\n<p>\u2022Glew<\/p>\n\n\n\n<p>San Jorge (Ruta 210 km 34.100)<\/p>\n\n\n\n<p>Santa Juliana (Miguel Can\u00e9 N\u00b0104)<\/p>\n\n\n\n<p>\u2022Jos\u00e9 M\u00e1rmol<\/p>\n\n\n\n<p>Claudia (25 de Mayo N\u00b0846)<\/p>\n\n\n\n<p>5 Estrellas (Bynnon N\u00b03202)<\/p>\n\n\n\n<p>Mitre I (Mitre N\u00b02677)<\/p>\n\n\n\n<p>Mouzo (Bynnon N\u00b02233)<\/p>\n\n\n\n<p>\u2022Longchamps<\/p>\n\n\n\n<p>Parodi (Carlos Diehl N\u00b03000)<\/p>\n\n\n\n<p>Artesana (Boero N\u00b02036)<\/p>\n\n\n\n<p>\u2022Ministro Rivadavia<\/p>\n\n\n\n<p>Las Violetas (25 de Mayo N\u00b0322)<\/p>\n\n\n\n<p>\u2022Malvinas Argentinas<\/p>\n\n\n\n<p>Sol (Capit\u00e1n Moyano N\u00b02527)<\/p>\n\n\n\n<p>Las Torres (Madariaga N\u00b063)<\/p>\n\n\n\n<p>Merloc (Guatamb\u00fa y Capit\u00e1n Moyano)<\/p>\n\n\n\n<p>Gaspy (Algarrobo N\u00b02218)<\/p>\n\n\n\n<p>\u2022Rafael Calzada<\/p>\n\n\n\n<p>San Javier (Av. San Mart\u00edn N\u00b04245)<\/p>\n\n\n\n<p>Edelweiss (Av. San Mart\u00edn N\u00b03880)<\/p>\n\n\n\n<p>Mouzo (Col\u00f3n N\u00b03170)<\/p>\n\n\n\n<p>Mouzo (French y Gorriti)<\/p>\n\n\n\n<p>&nbsp;\u2022San Jos\u00e9<\/p>\n\n\n\n<p>Caacup\u00e9 (Amenedo N\u00b04312)<\/p>\n\n\n\n<p>San Agust\u00edn (Amenedo N\u00b06116)<\/p>\n\n\n\n<p>Maravillas (Salta N\u00b01748)<\/p>\n\n\n\n<p>La Rosa (La Rioja y Catamarca)<\/p>\n\n\n\n<p>Las Flores Porte\u00f1as (Salta N\u00b01699)<\/p>\n","protected":false},"excerpt":{"rendered":"<p>El Municipio de Almirante Brown inform\u00f3 que extendieron el&nbsp;Acuerdo&nbsp;de Precios con panader\u00edas del distrito para que las vecinas y vecinos puedan adquirir pan y facturas con un 20 por ciento de descuento.<\/p>\n","protected":false},"author":1,"featured_media":22,"comment_status":"open","ping_status":"open","sticky":false,"template":"","format":"standard","meta":{"footnotes":""},"categories":[1],"tags":[],"class_list":["post-6","post","type-post","status-publish","format-standard","has-post-thumbnail","hentry","category-politica"],"_links":{"self":[{"href":"https:\/\/laestaciononline.com.ar\/index.php?rest_route=\/wp\/v2\/posts\/6","targetHints":{"allow":["GET"]}}],"collection":[{"href":"https:\/\/laestaciononline.com.ar\/index.php?rest_route=\/wp\/v2\/posts"}],"about":[{"href":"https:\/\/laestaciononline.com.ar\/index.php?rest_route=\/wp\/v2\/types\/post"}],"author":[{"embeddable":true,"href":"https:\/\/laestaciononline.com.ar\/index.php?rest_route=\/wp\/v2\/users\/1"}],"replies":[{"embeddable":true,"href":"https:\/\/laestaciononline.com.ar\/index.php?rest_route=%2Fwp%2Fv2%2Fcomments&post=6"}],"version-history":[{"count":2,"href":"https:\/\/laestaciononline.com.ar\/index.php?rest_route=\/wp\/v2\/posts\/6\/revisions"}],"predecessor-version":[{"id":21,"href":"https:\/\/laestaciononline.com.ar\/index.php?rest_route=\/wp\/v2\/posts\/6\/revisions\/21"}],"wp:featuredmedia":[{"embeddable":true,"href":"https:\/\/laestaciononline.com.ar\/index.php?rest_route=\/wp\/v2\/media\/22"}],"wp:attachment":[{"href":"https:\/\/laestaciononline.com.ar\/index.php?rest_route=%2Fwp%2Fv2%2Fmedia&parent=6"}],"wp:term":[{"taxonomy":"category","embeddable":true,"href":"https:\/\/laestaciononline.com.ar\/index.php?rest_route=%2Fwp%2Fv2%2Fcategories&post=6"},{"taxonomy":"post_tag","embeddable":true,"href":"https:\/\/laestaciononline.com.ar\/index.php?rest_route=%2Fwp%2Fv2%2Ftags&post=6"}],"curies":[{"name":"wp","href":"https:\/\/api.w.org\/{rel}","templated":true}]}}