{"id":712,"date":"2025-01-24T12:58:38","date_gmt":"2025-01-24T12:58:38","guid":{"rendered":"https:\/\/laestaciononline.com.ar\/?p=712"},"modified":"2025-01-24T12:59:39","modified_gmt":"2025-01-24T12:59:39","slug":"tragedia-en-villa-gesell-motociclista-fallecio-al-chocar-con-un-cuatriciclo-en-los-medanos","status":"publish","type":"post","link":"https:\/\/laestaciononline.com.ar\/?p=712","title":{"rendered":"Tragedia en Villa Gesell: motociclista falleci\u00f3 al chocar con un cuatriciclo en los m\u00e9danos"},"content":{"rendered":"\n<h2 class=\"wp-block-heading\">El hecho ocurri\u00f3 este jueves en una zona de m\u00e9danos sobre la Ruta 11 de la mencionada localidad balnearia.<\/h2>\n\n\n\n<ul class=\"wp-block-list\">\n<li>Como ya es lamentablemente habitual en los veranos de localidades balnearias como Pinamar y Villa Gesell, un nuevo\u00a0<strong>accidente fatal ocurri\u00f3 en zonas de playa o arena donde se permite la circulaci\u00f3n de cuatriciclos, motocicletas y camionetas 4&#215;4<\/strong>.<\/li>\n\n\n\n<li>En esta ocasi\u00f3n, un\u00a0<strong>choque frontal entre un cuatri y una moto, ocurrido poco antes de las 17 de este jueves, acab\u00f3 con la vida del motociclista<\/strong>. Ambos veh\u00edculos conducidos por turistas se encontraban en m\u00e9danos de Gesell, ubicados sobre la Ruta 11.<\/li>\n\n\n\n<li>La v\u00edctima mortal fue identificada como\u00a0<strong>Gabriel Cozzolino, quien muri\u00f3 en el acto debido a la gravedad de las lesiones que sufri\u00f3 en el brutal impacto<\/strong>, mientras que el conductor del cuatriciclo, identificado como Vital Alberto Cazanave, solo sufri\u00f3 heridas leves.<br>El primero circulaba en\u00a0<strong>una moto tipo Enduro marca Yamaha, mientras que el sobreviviente lo hac\u00eda en un cuatri YFZ 450, ambos por la zona de Tarifa<\/strong>, en los m\u00e9danos del sector norte de la mencionada ciudad tur\u00edstica.<br>En el lugar intervinieron equipos de salud locales y el SAT y\u00a0<strong>personal policial todav\u00eda se encuentra trabajando en el lugar para realizar las primeras pericias y tomar declaraciones<\/strong>\u00a0a los testigos.<br>Conductor de veh\u00edculo UTV tambi\u00e9n muri\u00f3 en Costa del Este<br><br><br><br><img decoding=\"async\" width=\"610\" height=\"undefined\" src=\"https:\/\/media.minutouno.com\/p\/7113142afb8f6953e6b166a64a53b375\/adjuntos\/150\/imagenes\/037\/504\/0037504176\/610x0\/smart\/costa-del-estejpg.jpg\" alt=\"\"><br>Como ya se inform\u00f3, esta semana tambi\u00e9n falleci\u00f3 en similares circunstancias\u00a0<strong>un hombre de 55 a\u00f1os identificado como Sergio Gustavo Guibar, quien perdi\u00f3 la vida en un tr\u00e1gico accidente ocurrido en Costa del Este<\/strong>.<br>El hecho ocurri\u00f3 el lunes pasado en la mencionada localidad del Partido de la Costa, donde\u00a0<strong>Guibar, turista oriundo de Longchamps, volc\u00f3 mientras conduc\u00eda su veh\u00edculo UTV por los m\u00e9danos de El Arenal<\/strong>, zona arenosa lindera con Mar del Tuy\u00fa.<br>La v\u00edctima fue\u00a0<strong>trasladada de urgencia al hospital de Santa Teresita, donde sufri\u00f3 un paro card\u00edaco<\/strong>. Tras ser reanimado, fue derivado al hospital de Mar de Aj\u00f3,\u00a0<strong>donde falleci\u00f3 a causa de un segundo ataque poco despu\u00e9s de llegar al nosocomio<\/strong>.<a href=\"https:\/\/www.facebook.com\/dialog\/feed?app_id=1920308711579627&amp;link=https%3A%2F%2Fwww.minutouno.com%2Fsociedad%2Ftragedia-villa-gesell-motociclista-fallecio-al-chocar-un-cuatriciclo-los-medanos-n6106148&amp;name=Tragedia+en+Villa+Gesell%3A+motociclista+falleci%C3%B3+al+chocar+con+un+cuatriciclo+en+los+m%C3%A9danos&amp;caption=Villa+Gesell&amp;description=El+hecho+ocurri%C3%B3+este+jueves+en+una+zona+de+m%C3%A9danos+sobre+la+Ruta+11+de+la+mencionada+localidad+balnearia.&amp;redirect_uri=https%3A%2F%2Fwww.minutouno.com%2Fsociedad%2Ftragedia-villa-gesell-motociclista-fallecio-al-chocar-un-cuatriciclo-los-medanos-n6106148\" target=\"_blank\" rel=\"noreferrer noopener\"><\/a><\/li>\n<\/ul>\n\n\n\n<p><\/p>\n","protected":false},"excerpt":{"rendered":"<p>El hecho ocurri\u00f3 este jueves en una zona de m\u00e9danos sobre la Ruta 11 de la mencionada localidad balnearia.<\/p>\n","protected":false},"author":1,"featured_media":714,"comment_status":"open","ping_status":"open","sticky":false,"template":"","format":"standard","meta":{"footnotes":""},"categories":[1],"tags":[],"class_list":["post-712","post","type-post","status-publish","format-standard","has-post-thumbnail","hentry","category-politica"],"_links":{"self":[{"href":"https:\/\/laestaciononline.com.ar\/index.php?rest_route=\/wp\/v2\/posts\/712","targetHints":{"allow":["GET"]}}],"collection":[{"href":"https:\/\/laestaciononline.com.ar\/index.php?rest_route=\/wp\/v2\/posts"}],"about":[{"href":"https:\/\/laestaciononline.com.ar\/index.php?rest_route=\/wp\/v2\/types\/post"}],"author":[{"embeddable":true,"href":"https:\/\/laestaciononline.com.ar\/index.php?rest_route=\/wp\/v2\/users\/1"}],"replies":[{"embeddable":true,"href":"https:\/\/laestaciononline.com.ar\/index.php?rest_route=%2Fwp%2Fv2%2Fcomments&post=712"}],"version-history":[{"count":1,"href":"https:\/\/laestaciononline.com.ar\/index.php?rest_route=\/wp\/v2\/posts\/712\/revisions"}],"predecessor-version":[{"id":713,"href":"https:\/\/laestaciononline.com.ar\/index.php?rest_route=\/wp\/v2\/posts\/712\/revisions\/713"}],"wp:featuredmedia":[{"embeddable":true,"href":"https:\/\/laestaciononline.com.ar\/index.php?rest_route=\/wp\/v2\/media\/714"}],"wp:attachment":[{"href":"https:\/\/laestaciononline.com.ar\/index.php?rest_route=%2Fwp%2Fv2%2Fmedia&parent=712"}],"wp:term":[{"taxonomy":"category","embeddable":true,"href":"https:\/\/laestaciononline.com.ar\/index.php?rest_route=%2Fwp%2Fv2%2Fcategories&post=712"},{"taxonomy":"post_tag","embeddable":true,"href":"https:\/\/laestaciononline.com.ar\/index.php?rest_route=%2Fwp%2Fv2%2Ftags&post=712"}],"curies":[{"name":"wp","href":"https:\/\/api.w.org\/{rel}","templated":true}]}}