{"id":715,"date":"2025-01-26T10:16:32","date_gmt":"2025-01-26T10:16:32","guid":{"rendered":"https:\/\/laestaciononline.com.ar\/?p=715"},"modified":"2025-01-26T10:19:27","modified_gmt":"2025-01-26T10:19:27","slug":"dia-internacional-de-la-educacion-ambiental-historia-e-importancia-en-tiempos-de-crisis-ambiental","status":"publish","type":"post","link":"https:\/\/laestaciononline.com.ar\/?p=715","title":{"rendered":"D\u00eda Internacional de la Educaci\u00f3n Ambiental: Historia e Importancia en Tiempos de Crisis Ambiental"},"content":{"rendered":"\n<p><\/p>\n\n\n\n<p>Cada 26 de enero se conmemora el D\u00eda Internacional de la Educaci\u00f3n Ambiental, una fecha que invita a reflexionar sobre la importancia de sensibilizar y formar a la poblaci\u00f3n respecto al cuidado del medio ambiente. Este d\u00eda tiene su origen en la Conferencia de las Naciones Unidas sobre el Medio Ambiente Humano, celebrada en Estocolmo en 1972, y fue consolidado en 1975 durante el Seminario Internacional de Educaci\u00f3n Ambiental en Belgrado, donde se establecieron los principios b\u00e1sicos de esta disciplina.<\/p>\n\n\n\n<h3 class=\"wp-block-heading\"><\/h3>\n\n\n\n<h3 class=\"wp-block-heading\">Importancia en la Actualidad<\/h3>\n\n\n\n<p>En un contexto global marcado por la sobreexplotaci\u00f3n de recursos naturales, la deforestaci\u00f3n acelerada, la contaminaci\u00f3n de los suelos y la crisis clim\u00e1tica, la educaci\u00f3n ambiental adquiere un rol estrat\u00e9gico. Como lo se\u00f1ala el ec\u00f3logo Enrique Leff, &#8220;la educaci\u00f3n ambiental no solo trata de transmitir conocimientos sobre el medio ambiente, sino de construir una nueva racionalidad que priorice la sostenibilidad y la justicia ambiental&#8221;.<\/p>\n\n\n\n<p>Seg\u00fan la investigadora Mar\u00eda Novo, especialista en educaci\u00f3n ambiental, &#8220;este d\u00eda no solo debe ser una fecha de conmemoraci\u00f3n, sino una oportunidad para fortalecer las acciones educativas que permitan formar ciudadanos cr\u00edticos, capaces de tomar decisiones responsables frente a la crisis ecol\u00f3gica&#8221;. Novo tambi\u00e9n destaca que en la actualidad es imprescindible integrar la educaci\u00f3n ambiental en todos los niveles educativos, desde la infancia hasta la formaci\u00f3n profesional.<\/p>\n\n\n\n<h3 class=\"wp-block-heading\">El Rol de la Sociedad y las Instituciones<\/h3>\n\n\n\n<p>La participaci\u00f3n activa de las comunidades, las organizaciones no gubernamentales y los gobiernos es esencial para que los programas de educaci\u00f3n ambiental sean efectivos. Las iniciativas locales, como los talleres de reciclaje, las campa\u00f1as de reforestaci\u00f3n y las charlas sobre cambio clim\u00e1tico, complementan los esfuerzos internacionales y generan un impacto significativo en las comunidades.<\/p>\n\n\n\n<p>En este sentido, especialistas como el educador ambiental Fritjof Capra enfatizan la necesidad de una educaci\u00f3n que fomente la interconexi\u00f3n y la comprensi\u00f3n de los sistemas naturales y sociales. \u201cDebemos comprender que nuestras acciones individuales tienen un impacto global, y eso es algo que solo se logra con una educaci\u00f3n integral y transformadora\u201d, sostiene Capra.<\/p>\n\n\n\n<h3 class=\"wp-block-heading\"><\/h3>\n\n\n\n<p>El D\u00eda Internacional de la Educaci\u00f3n Ambiental no solo es un recordatorio de la importancia de proteger nuestro planeta, sino tambi\u00e9n una llamada a la acci\u00f3n colectiva. En tiempos donde los recursos naturales se extraen sin control y los efectos de la crisis clim\u00e1tica son cada vez m\u00e1s visibles, educar para la sostenibilidad es m\u00e1s urgente que nunca.<\/p>\n\n\n\n<p>Es momento de fomentar un cambio cultural que promueva el respeto hacia la naturaleza y la b\u00fasqueda de modelos de desarrollo m\u00e1s equitativos y sostenibles. Como ciudadanos del mundo, el compromiso con la educaci\u00f3n ambiental es un deber ineludible para garantizar un futuro viable para las generaciones venideras.<\/p>\n\n\n\n<h3 class=\"wp-block-heading\">Historia y Contexto<\/h3>\n\n\n\n<p>La educaci\u00f3n ambiental naci\u00f3 como una respuesta a los problemas globales derivados de un modelo de desarrollo insostenible. En las d\u00e9cadas de 1960 y 1970, las alarmantes tasas de contaminaci\u00f3n, la p\u00e9rdida de biodiversidad y el cambio clim\u00e1tico incipiente llevaron a la comunidad internacional a reconocer la necesidad de educar a las generaciones presentes y futuras sobre la importancia de convivir de manera arm\u00f3nica con la naturaleza.<\/p>\n\n\n\n<p>A lo largo de los a\u00f1os, este enfoque se ha enriquecido con nuevas perspectivas, incluyendo la participaci\u00f3n de las comunidades, el respeto por los saberes locales y la integraci\u00f3n de valores \u00e9ticos en la gesti\u00f3n ambiental. Hoy, la educaci\u00f3n ambiental se considera una herramienta fundamental para alcanzar los Objetivos de Desarrollo Sostenible (ODS) promovidos por la ONU.<\/p>\n\n\n\n<p>Gustavo Sanabria<\/p>\n","protected":false},"excerpt":{"rendered":"<p>Cada 26 de enero se conmemora el D\u00eda Internacional de la Educaci\u00f3n Ambiental, una fecha que invita a reflexionar sobre la importancia de sensibilizar y formar a la poblaci\u00f3n respecto al cuidado del medio ambiente. Este d\u00eda tiene su origen en la Conferencia de las Naciones Unidas sobre el Medio Ambiente Humano, celebrada en Estocolmo [&hellip;]<\/p>\n","protected":false},"author":1,"featured_media":717,"comment_status":"open","ping_status":"open","sticky":false,"template":"","format":"standard","meta":{"footnotes":""},"categories":[1],"tags":[],"class_list":["post-715","post","type-post","status-publish","format-standard","has-post-thumbnail","hentry","category-politica"],"_links":{"self":[{"href":"https:\/\/laestaciononline.com.ar\/index.php?rest_route=\/wp\/v2\/posts\/715","targetHints":{"allow":["GET"]}}],"collection":[{"href":"https:\/\/laestaciononline.com.ar\/index.php?rest_route=\/wp\/v2\/posts"}],"about":[{"href":"https:\/\/laestaciononline.com.ar\/index.php?rest_route=\/wp\/v2\/types\/post"}],"author":[{"embeddable":true,"href":"https:\/\/laestaciononline.com.ar\/index.php?rest_route=\/wp\/v2\/users\/1"}],"replies":[{"embeddable":true,"href":"https:\/\/laestaciononline.com.ar\/index.php?rest_route=%2Fwp%2Fv2%2Fcomments&post=715"}],"version-history":[{"count":1,"href":"https:\/\/laestaciononline.com.ar\/index.php?rest_route=\/wp\/v2\/posts\/715\/revisions"}],"predecessor-version":[{"id":716,"href":"https:\/\/laestaciononline.com.ar\/index.php?rest_route=\/wp\/v2\/posts\/715\/revisions\/716"}],"wp:featuredmedia":[{"embeddable":true,"href":"https:\/\/laestaciononline.com.ar\/index.php?rest_route=\/wp\/v2\/media\/717"}],"wp:attachment":[{"href":"https:\/\/laestaciononline.com.ar\/index.php?rest_route=%2Fwp%2Fv2%2Fmedia&parent=715"}],"wp:term":[{"taxonomy":"category","embeddable":true,"href":"https:\/\/laestaciononline.com.ar\/index.php?rest_route=%2Fwp%2Fv2%2Fcategories&post=715"},{"taxonomy":"post_tag","embeddable":true,"href":"https:\/\/laestaciononline.com.ar\/index.php?rest_route=%2Fwp%2Fv2%2Ftags&post=715"}],"curies":[{"name":"wp","href":"https:\/\/api.w.org\/{rel}","templated":true}]}}