{"id":777,"date":"2025-02-05T01:34:26","date_gmt":"2025-02-05T01:34:26","guid":{"rendered":"https:\/\/laestaciononline.com.ar\/?p=777"},"modified":"2025-02-05T01:35:22","modified_gmt":"2025-02-05T01:35:22","slug":"lanus-gobierno-incorporo-18-camionetas-nuevas-para-seguir-fortaleciendo-los-servicios-publicos","status":"publish","type":"post","link":"https:\/\/laestaciononline.com.ar\/?p=777","title":{"rendered":"Lan\u00fas Gobierno incorpor\u00f3 18 camionetas nuevas para seguir fortaleciendo los servicios p\u00fablicos"},"content":{"rendered":"\n<p><\/p>\n\n\n\n<p>Lan\u00fas Gobierno incorpor\u00f3 18 camionetas nuevas, a trav\u00e9s de una importante inversi\u00f3n municipal, con el objetivo de continuar fortaleciendo la prestaci\u00f3n de servicios p\u00fablicos a lo largo y ancho de la ciudad.<\/p>\n\n\n\n<p>En di\u00e1logo con los trabajadores y trabajadoras, el intendente, Juli\u00e1n \u00c1lvarez asegur\u00f3: \u201cEsta adquisici\u00f3n tan importante para nuestro distrito fue realizada 100% con fondos municipales\u201d, y agreg\u00f3: \u201cCorren tiempos dif\u00edciles, sin embargo desde Lan\u00fas vamos a seguir esforz\u00e1ndonos todos los d\u00edas para que cada trabajador y trabajadora municipal cuente con los elementos necesarios para cumplir con su tarea, brindar cada d\u00eda un mejor servicio a los vecinos y vecinas, y hacer de Lan\u00fas una ciudad m\u00e1s limpia y ordenada\u201d.<\/p>\n\n\n\n<p>La nueva flota estar\u00e1 destinada a corte de pasto, poda y tareas de higiene urbana en general, donde s\u00f3lo hab\u00eda 3 camionetas de este tipo abocadas a dichas funciones.<\/p>\n\n\n\n<p>Mediante esta adquisici\u00f3n, Lan\u00fas Gobierno tendr\u00e1 una capacidad de respuesta siete veces mayor, pudiendo cubrir la demanda de todo el distrito.<\/p>\n\n\n\n<p>Acompa\u00f1aron a Juli\u00e1n \u00c1lvarez la jefa de Gabinete Nadia Burgos y el secretario de Espacios y Servicios P\u00fablicos Mauro Iezzi, entre otros funcionarios&nbsp;municipales.<\/p>\n","protected":false},"excerpt":{"rendered":"<p>Lan\u00fas Gobierno incorpor\u00f3 18 camionetas nuevas, a trav\u00e9s de una importante inversi\u00f3n municipal, con el objetivo de continuar fortaleciendo la prestaci\u00f3n de servicios p\u00fablicos a lo largo y ancho de la ciudad. En di\u00e1logo con los trabajadores y trabajadoras, el intendente, Juli\u00e1n \u00c1lvarez asegur\u00f3: \u201cEsta adquisici\u00f3n tan importante para nuestro distrito fue realizada 100% con [&hellip;]<\/p>\n","protected":false},"author":1,"featured_media":779,"comment_status":"open","ping_status":"open","sticky":false,"template":"","format":"standard","meta":{"footnotes":""},"categories":[1],"tags":[],"class_list":["post-777","post","type-post","status-publish","format-standard","has-post-thumbnail","hentry","category-politica"],"_links":{"self":[{"href":"https:\/\/laestaciononline.com.ar\/index.php?rest_route=\/wp\/v2\/posts\/777","targetHints":{"allow":["GET"]}}],"collection":[{"href":"https:\/\/laestaciononline.com.ar\/index.php?rest_route=\/wp\/v2\/posts"}],"about":[{"href":"https:\/\/laestaciononline.com.ar\/index.php?rest_route=\/wp\/v2\/types\/post"}],"author":[{"embeddable":true,"href":"https:\/\/laestaciononline.com.ar\/index.php?rest_route=\/wp\/v2\/users\/1"}],"replies":[{"embeddable":true,"href":"https:\/\/laestaciononline.com.ar\/index.php?rest_route=%2Fwp%2Fv2%2Fcomments&post=777"}],"version-history":[{"count":1,"href":"https:\/\/laestaciononline.com.ar\/index.php?rest_route=\/wp\/v2\/posts\/777\/revisions"}],"predecessor-version":[{"id":778,"href":"https:\/\/laestaciononline.com.ar\/index.php?rest_route=\/wp\/v2\/posts\/777\/revisions\/778"}],"wp:featuredmedia":[{"embeddable":true,"href":"https:\/\/laestaciononline.com.ar\/index.php?rest_route=\/wp\/v2\/media\/779"}],"wp:attachment":[{"href":"https:\/\/laestaciononline.com.ar\/index.php?rest_route=%2Fwp%2Fv2%2Fmedia&parent=777"}],"wp:term":[{"taxonomy":"category","embeddable":true,"href":"https:\/\/laestaciononline.com.ar\/index.php?rest_route=%2Fwp%2Fv2%2Fcategories&post=777"},{"taxonomy":"post_tag","embeddable":true,"href":"https:\/\/laestaciononline.com.ar\/index.php?rest_route=%2Fwp%2Fv2%2Ftags&post=777"}],"curies":[{"name":"wp","href":"https:\/\/api.w.org\/{rel}","templated":true}]}}