{"id":847,"date":"2025-02-14T19:46:31","date_gmt":"2025-02-14T19:46:31","guid":{"rendered":"https:\/\/laestaciononline.com.ar\/?p=847"},"modified":"2025-02-14T19:46:43","modified_gmt":"2025-02-14T19:46:43","slug":"el-boleto-de-colectivos-subira-10-en-marzo-en-lineas-de-la-provincia-de-buenos-aires-y-caba","status":"publish","type":"post","link":"https:\/\/laestaciononline.com.ar\/?p=847","title":{"rendered":"El boleto de colectivos subir\u00e1 10% en marzo en l\u00edneas de la provincia de Buenos Aires y CABA"},"content":{"rendered":"\n<p>La\u00a0<strong>provincia de Buenos Aires\u00a0<\/strong>convoc\u00f3 a audiencia p\u00fablica para dar a conocer que\u00a0<strong>a partir de marzo habr\u00e1 un aumento del 10% en el boleto de colectivos que circulan exclusivamente en territorio bonaerense<\/strong>, numeradas del 200 en adelante. El precio del pasaje m\u00ednimo pasar\u00e1 de $371,13 a $408,23 desde el mes que viene, pero desde abril se actualizar\u00e1 todos los meses por inflaci\u00f3n m\u00e1s un 2% adicional en relaci\u00f3n a la tarifa anterior.<\/p>\n\n\n\n<p>La magnitud del incremento y el mecanismo de ajuste peri\u00f3dico\u00a0son iguales a los que aplicar\u00e1 en marzo\u00a0la\u00a0<strong>Ciudad Aut\u00f3noma de Buenos Aires (CABA)<\/strong>\u00a0en las 31 l\u00edneas bajo su jurisdicci\u00f3n. En CABA se sumar\u00e1n subas en subtes y peajes.El Gobierno nacional todav\u00eda no defini\u00f3 si har\u00e1 lo mismo en las 123 l\u00edneas del \u00c1rea Metropolitana de Buenos Aires (AMBA) que tienen una cabecera en Ciudad y la otra en el conurbano<\/p>\n\n\n\n<p>El Gobierno nacional todav\u00eda no defini\u00f3 si har\u00e1 lo mismo en las 123 l\u00edneas del\u00a0<strong>\u00c1rea Metropolitana de Buenos Aires (AMBA)<\/strong>\u00a0que tienen una cabecera en Ciudad y la otra en el conurbano, las cuales forman parte de esa jurisdicci\u00f3n. En el sector esperan que haya un movimiento similar, ya que de otra forma habr\u00e1 tarifas distintas en esas empresas del AMBA, pero fuentes de las Secretar\u00eda de Transporte de la Naci\u00f3n dijeron que no habr\u00e1 suba el mes que viene en sus colectivos.<\/p>\n\n\n\n<p>Los incrementos de Buenos Aires servir\u00e1n para girar mayores ingresos a las empresas bonaerenses, que en las \u00faltimas semanas aceleraron los reclamos por deudas vinculadas a subsidios. Esa suba aliviar\u00eda tambi\u00e9n los giros que debe hacer CABA y, en caso de sumarse, Naci\u00f3n.<\/p>\n\n\n\n<p>Los boletos en CABA y Buenos Aires a partir de marzo<\/p>\n\n\n\n<ul class=\"wp-block-list\">\n<li><strong>0-3 km<\/strong>: $408,24 con SUBE nominalizada \/ $649,11 con SUBE no nominalizada \/ $183,71 con atributo social.<\/li>\n\n\n\n<li><strong>3-6 km<\/strong>: $454,78 con SUBE nominalizada \/ $723,11 con SUBE no nominalizada \/ $204,65 con atributo social.<\/li>\n\n\n\n<li><strong>6-12 km<\/strong>: $489,82 con SUBE nominalizada \/ $778,81 con SUBE no nominalizada \/ $220,42 con atributo social.<\/li>\n\n\n\n<li><strong>12-27 km<\/strong>: $524,89 con SUBE nominalizada \/ $834,57 con SUBE no nominalizada \/ $236,20 con atributo social.<\/li>\n<\/ul>\n\n\n\n<p>Las normas establecen cronogramas para fijar las nuevas tarifas a partir del 1 de marzo con una actualizaci\u00f3n del 10% y, en lo sucesivo, con actualizaciones mensuales de acuerdo a un \u00edndice (IPC del INDEC + 2 % en relaci\u00f3n a la tarifa anterior).<\/p>\n\n\n\n<p>Las 31 l\u00edneas de colectivos que circulan exclusivamente dentro de CABA son:&nbsp;<strong>4, 6, 7, 12, 23, 25, 26, 34, 39, 42, 44, 47, 50, 61, 62, 64, 65, 68, 76, 84, 90, 99, 102, 106, 107, 108, 109, 115, 118, 132 y 151<\/strong>.<\/p>\n\n\n\n<p>Las de Buenos Aires son&nbsp;<strong>377 empresas<\/strong>, numeradas del 200 para arriba, inscriptas en provincia, y arriba del 500, anotadas en municipios, es decir, m\u00e1s de 9.000 coches de los 18.500 en el total del AMBA. El ahorro por esta partida es de $6.500 millones.<\/p>\n\n\n\n<p>Las<strong>&nbsp;l\u00edneas Nacionales<\/strong>, que por ahora no tendr\u00e1n aumento en marzo son:&nbsp;<strong>1, 2, 8, 9, 10, 15, 17, 19, 20, 21, 22, 24, 28, 29, 31, 32, 33, 37, 41, 45, 46, 49, 51, 53, 55, 56, 57, 59, 60, 63, 67, 70, 71, 74, 75, 78, 79, 80, 85, 86, 87, 88, 91, 92, 93, 95, 96, 97, 98, 100, 101, 103, 105, 110, 111, 113, 114, 117, 119, 123, 124, 126, 127, 128, 129, 130, 133, 134, 135, 136, 140, 143, 145, 146, 148, 150, 152, 153, 154, 158, 159, 160, 161, 163, 164, 166, 168, 169, 172, 174, 176, 177, 178, 179, 180, 181, 182, 184, 185, 188, 193, 194, 195<\/strong>.<\/p>\n","protected":false},"excerpt":{"rendered":"<p>La\u00a0provincia de Buenos Aires\u00a0convoc\u00f3 a audiencia p\u00fablica para dar a conocer que\u00a0a partir de marzo habr\u00e1 un aumento del 10% en el boleto de colectivos que circulan exclusivamente en territorio bonaerense, numeradas del 200 en adelante. El precio del pasaje m\u00ednimo pasar\u00e1 de $371,13 a $408,23 desde el mes que viene, pero desde abril se [&hellip;]<\/p>\n","protected":false},"author":1,"featured_media":534,"comment_status":"open","ping_status":"open","sticky":false,"template":"","format":"standard","meta":{"footnotes":""},"categories":[1],"tags":[],"class_list":["post-847","post","type-post","status-publish","format-standard","has-post-thumbnail","hentry","category-politica"],"_links":{"self":[{"href":"https:\/\/laestaciononline.com.ar\/index.php?rest_route=\/wp\/v2\/posts\/847","targetHints":{"allow":["GET"]}}],"collection":[{"href":"https:\/\/laestaciononline.com.ar\/index.php?rest_route=\/wp\/v2\/posts"}],"about":[{"href":"https:\/\/laestaciononline.com.ar\/index.php?rest_route=\/wp\/v2\/types\/post"}],"author":[{"embeddable":true,"href":"https:\/\/laestaciononline.com.ar\/index.php?rest_route=\/wp\/v2\/users\/1"}],"replies":[{"embeddable":true,"href":"https:\/\/laestaciononline.com.ar\/index.php?rest_route=%2Fwp%2Fv2%2Fcomments&post=847"}],"version-history":[{"count":2,"href":"https:\/\/laestaciononline.com.ar\/index.php?rest_route=\/wp\/v2\/posts\/847\/revisions"}],"predecessor-version":[{"id":849,"href":"https:\/\/laestaciononline.com.ar\/index.php?rest_route=\/wp\/v2\/posts\/847\/revisions\/849"}],"wp:featuredmedia":[{"embeddable":true,"href":"https:\/\/laestaciononline.com.ar\/index.php?rest_route=\/wp\/v2\/media\/534"}],"wp:attachment":[{"href":"https:\/\/laestaciononline.com.ar\/index.php?rest_route=%2Fwp%2Fv2%2Fmedia&parent=847"}],"wp:term":[{"taxonomy":"category","embeddable":true,"href":"https:\/\/laestaciononline.com.ar\/index.php?rest_route=%2Fwp%2Fv2%2Fcategories&post=847"},{"taxonomy":"post_tag","embeddable":true,"href":"https:\/\/laestaciononline.com.ar\/index.php?rest_route=%2Fwp%2Fv2%2Ftags&post=847"}],"curies":[{"name":"wp","href":"https:\/\/api.w.org\/{rel}","templated":true}]}}