{"id":91,"date":"2024-10-03T15:45:04","date_gmt":"2024-10-03T15:45:04","guid":{"rendered":"https:\/\/laestaciononline.com.ar\/?p=91"},"modified":"2024-10-03T15:45:04","modified_gmt":"2024-10-03T15:45:04","slug":"presentaron-un-nuevo-espacio-inclusivo-para-ninos-en-la-feria-internacional-del-libro","status":"publish","type":"post","link":"https:\/\/laestaciononline.com.ar\/?p=91","title":{"rendered":"Presentaron un nuevo espacio inclusivo para ni\u00f1os en la Feria Internacional del Libro"},"content":{"rendered":"\n<p>El Municipio de Almirante Brown inform\u00f3 que durante la 8\u00b0 Feria Internacional del Libro que se desarrolla hasta el domingo 6 de octubre, incorpor\u00f3 por primera vez un espacio de distenci\u00f3n para ni\u00f1os y ni\u00f1as con Trastorno del Espectro Autista (TEA) con el objetivo de incentivar y promover la inclusi\u00f3n.El nuevo ambiente fue dise\u00f1ado por el \u00c1rea de Discapacidad Municipal junto con la Asociaci\u00f3n Civil TEA sin fronteras, y busca proporcionar un entorno adaptado a las necesidades sensoriales y emocionales de los peque\u00f1os lectores con Trastorno del Espectro Autista, promoviendo la participaci\u00f3n en la cultura literaria.En este espacio de distenci\u00f3n se llevan a cabo diversas actividades en el horario de 12 a 13 cada jornada, y la primera cont\u00f3 con la presencia de las narradoras de la Asociaci\u00f3n Docentes Jubilados de Alte Brown.Por otra parte, este jueves 4 estar\u00e1n presentes miembros del Centro Municipal de Salud Mental Infanto-Juvenil \u201cCasa Tea\u201d, este espacio ubicado en la localidad de Ministro Rivadavia fue creado para dar respuesta a los ni\u00f1os, ni\u00f1as y adolescentes con espectro autista y trastornos de desarrollo mental.Se indic\u00f3 adem\u00e1s que ma\u00f1ana viernes 5 de octubre se realizar\u00e1 un taller de danzas.\u201cLa creaci\u00f3n de este nuevo espacio es importante en la promoci\u00f3n de una Feria del Libro m\u00e1s accesible y diversa, reafirmando el compromiso de la Comuna con la inclusi\u00f3n y el derecho de todos los ni\u00f1os y ni\u00f1as al acceso cultural y literario\u201d, indic\u00f3 el intendente Mariano Cascallares.Cabe se\u00f1alar que la edici\u00f3n de la Feria Internacional del Libro de este a\u00f1o cuenta con casi 200 propuestas entre charlas, presentaciones de libros y actividades art\u00edsticas y culturales, las cuales pueden visualizarse a trav\u00e9s de la web del municipio www.almirantebrown.gov.ar o ingresando en www.educacion.brown.gob.ar\/agendafilab <\/p>\n\n\n\n<p><\/p>\n","protected":false},"excerpt":{"rendered":"<p>El Municipio de Almirante Brown inform\u00f3 que durante la 8\u00b0 Feria Internacional del Libro que se desarrolla hasta el domingo 6 de octubre, incorpor\u00f3 por primera vez un espacio de distenci\u00f3n para ni\u00f1os y ni\u00f1as con Trastorno del Espectro Autista (TEA) con el objetivo de incentivar y promover la inclusi\u00f3n.El nuevo ambiente fue dise\u00f1ado por [&hellip;]<\/p>\n","protected":false},"author":1,"featured_media":0,"comment_status":"open","ping_status":"open","sticky":false,"template":"","format":"standard","meta":{"footnotes":""},"categories":[1],"tags":[],"class_list":["post-91","post","type-post","status-publish","format-standard","hentry","category-politica"],"_links":{"self":[{"href":"https:\/\/laestaciononline.com.ar\/index.php?rest_route=\/wp\/v2\/posts\/91","targetHints":{"allow":["GET"]}}],"collection":[{"href":"https:\/\/laestaciononline.com.ar\/index.php?rest_route=\/wp\/v2\/posts"}],"about":[{"href":"https:\/\/laestaciononline.com.ar\/index.php?rest_route=\/wp\/v2\/types\/post"}],"author":[{"embeddable":true,"href":"https:\/\/laestaciononline.com.ar\/index.php?rest_route=\/wp\/v2\/users\/1"}],"replies":[{"embeddable":true,"href":"https:\/\/laestaciononline.com.ar\/index.php?rest_route=%2Fwp%2Fv2%2Fcomments&post=91"}],"version-history":[{"count":1,"href":"https:\/\/laestaciononline.com.ar\/index.php?rest_route=\/wp\/v2\/posts\/91\/revisions"}],"predecessor-version":[{"id":92,"href":"https:\/\/laestaciononline.com.ar\/index.php?rest_route=\/wp\/v2\/posts\/91\/revisions\/92"}],"wp:attachment":[{"href":"https:\/\/laestaciononline.com.ar\/index.php?rest_route=%2Fwp%2Fv2%2Fmedia&parent=91"}],"wp:term":[{"taxonomy":"category","embeddable":true,"href":"https:\/\/laestaciononline.com.ar\/index.php?rest_route=%2Fwp%2Fv2%2Fcategories&post=91"},{"taxonomy":"post_tag","embeddable":true,"href":"https:\/\/laestaciononline.com.ar\/index.php?rest_route=%2Fwp%2Fv2%2Ftags&post=91"}],"curies":[{"name":"wp","href":"https:\/\/api.w.org\/{rel}","templated":true}]}}