{"id":922,"date":"2025-02-25T21:37:29","date_gmt":"2025-02-25T21:37:29","guid":{"rendered":"https:\/\/laestaciononline.com.ar\/?p=922"},"modified":"2025-02-25T21:38:10","modified_gmt":"2025-02-25T21:38:10","slug":"la-actividad-economica-se-contrajo-un-18-en-2024-por-debajo-de-lo-previsto-por-los-analistas","status":"publish","type":"post","link":"https:\/\/laestaciononline.com.ar\/?p=922","title":{"rendered":"La actividad econ\u00f3mica se contrajo un 1,8% en 2024, por debajo de lo previsto por los analistas"},"content":{"rendered":"\n<p>La\u00a0<strong>actividad econ\u00f3mica<\/strong>\u00a0termin\u00f3 el 2024 con una mejora en los n\u00fameros generales, con sectores m\u00e1s rezagados que otros, pero con\u00a0<strong>un PBI que se contrajo 1,8%<\/strong>\u00a0respecto del 2023, seg\u00fan inform\u00f3 este martes el\u00a0<strong>Indec<\/strong>.<\/p>\n\n\n\n<p>Seg\u00fan el<strong>&nbsp;Estimador Mensual de Actividad Econ\u00f3mica (EMAE)<\/strong>, la econom\u00eda cay\u00f3 1,8%, pero en diciembre marc\u00f3 una suba interanual de 5,5% y un alza mensual -es decir, en la medici\u00f3n desestacionalizada frente a noviembre- de 0,5%. La contracci\u00f3n anual fue menor a la esperada por los analistas privados, que proyectaban una ca\u00edda de entre 2,5% y 3% para el a\u00f1o, dato que ser\u00e1 festejado por el Gobierno.<\/p>\n\n\n\n<p>Para Orlando J. Ferreres, \u201cel nivel general de actividad registr\u00f3 un crecimiento de 4,6% interanual en diciembre de 2024, acumulando para el total de 2024 una&nbsp;<strong>contracci\u00f3n de 2,9%<\/strong>\u201d, mencion\u00f3.<\/p>\n\n\n\n<h2 class=\"wp-block-heading\">C\u00f3mo le fue a cada sector<\/h2>\n\n\n\n<p>El organismo estad\u00edstico inform\u00f3 que con relaci\u00f3n a igual mes de 2023, nueve sectores de actividad que conforman el EMAE registraron subas en diciembre, entre los que se destacan\u00a0<strong>Intermediaci\u00f3n financiera<\/strong>\u00a0(+18% ia) y\u00a0<strong>Comercio mayorista, minorista y reparaciones\u00a0<\/strong>(7,4% ia). A su vez, la\u00a0<strong>actividad manufacturera\u00a0<\/strong>(6,7% ia) fue la de mayor incidencia positiva en la variaci\u00f3n interanual del EMAE.<\/p>\n\n\n\n<p>Por su parte, seis sectores de actividad registraron ca\u00eddas en la comparaci\u00f3n interanual, entre los que se destacan\u00a0<strong>Pesca\u00a0<\/strong>(-25% ia) y\u00a0<strong>Construcci\u00f3n\u00a0<\/strong>(-7,2% ia). Las actividades de\u00a0<strong>Construcci\u00f3n\u00a0<\/strong>(-7,2% ia) y\u00a0<strong>Administraci\u00f3n p\u00fablica<\/strong>\u00a0y defensa, planes de seguridad social de afiliaci\u00f3n obligatoria (-2,5% ia) son las de mayor incidencia negativa y le restan 0,34 puntos porcentuales a la variaci\u00f3n interanual del EMAE, precis\u00f3 el Indec.<\/p>\n","protected":false},"excerpt":{"rendered":"<p>La\u00a0actividad econ\u00f3mica\u00a0termin\u00f3 el 2024 con una mejora en los n\u00fameros generales, con sectores m\u00e1s rezagados que otros, pero con\u00a0un PBI que se contrajo 1,8%\u00a0respecto del 2023, seg\u00fan inform\u00f3 este martes el\u00a0Indec. Seg\u00fan el&nbsp;Estimador Mensual de Actividad Econ\u00f3mica (EMAE), la econom\u00eda cay\u00f3 1,8%, pero en diciembre marc\u00f3 una suba interanual de 5,5% y un alza mensual [&hellip;]<\/p>\n","protected":false},"author":1,"featured_media":924,"comment_status":"open","ping_status":"open","sticky":false,"template":"","format":"standard","meta":{"footnotes":""},"categories":[1],"tags":[],"class_list":["post-922","post","type-post","status-publish","format-standard","has-post-thumbnail","hentry","category-politica"],"_links":{"self":[{"href":"https:\/\/laestaciononline.com.ar\/index.php?rest_route=\/wp\/v2\/posts\/922","targetHints":{"allow":["GET"]}}],"collection":[{"href":"https:\/\/laestaciononline.com.ar\/index.php?rest_route=\/wp\/v2\/posts"}],"about":[{"href":"https:\/\/laestaciononline.com.ar\/index.php?rest_route=\/wp\/v2\/types\/post"}],"author":[{"embeddable":true,"href":"https:\/\/laestaciononline.com.ar\/index.php?rest_route=\/wp\/v2\/users\/1"}],"replies":[{"embeddable":true,"href":"https:\/\/laestaciononline.com.ar\/index.php?rest_route=%2Fwp%2Fv2%2Fcomments&post=922"}],"version-history":[{"count":1,"href":"https:\/\/laestaciononline.com.ar\/index.php?rest_route=\/wp\/v2\/posts\/922\/revisions"}],"predecessor-version":[{"id":923,"href":"https:\/\/laestaciononline.com.ar\/index.php?rest_route=\/wp\/v2\/posts\/922\/revisions\/923"}],"wp:featuredmedia":[{"embeddable":true,"href":"https:\/\/laestaciononline.com.ar\/index.php?rest_route=\/wp\/v2\/media\/924"}],"wp:attachment":[{"href":"https:\/\/laestaciononline.com.ar\/index.php?rest_route=%2Fwp%2Fv2%2Fmedia&parent=922"}],"wp:term":[{"taxonomy":"category","embeddable":true,"href":"https:\/\/laestaciononline.com.ar\/index.php?rest_route=%2Fwp%2Fv2%2Fcategories&post=922"},{"taxonomy":"post_tag","embeddable":true,"href":"https:\/\/laestaciononline.com.ar\/index.php?rest_route=%2Fwp%2Fv2%2Ftags&post=922"}],"curies":[{"name":"wp","href":"https:\/\/api.w.org\/{rel}","templated":true}]}}